{"id":168131,"date":"2020-09-02T18:09:52","date_gmt":"2020-09-02T21:09:52","guid":{"rendered":"https:\/\/diarioregionaldigital.com.br\/?p=168131"},"modified":"2020-09-02T18:09:52","modified_gmt":"2020-09-02T21:09:52","slug":"municipio-tem-quase-5-mil-casos-confirmados-por-coronavirus","status":"publish","type":"post","link":"https:\/\/diarioregionaldigital.com.br\/?p=168131","title":{"rendered":"Munic\u00edpio tem quase 5 mil casos confirmados por Coronav\u00edrus"},"content":{"rendered":"<p><span style=\"font-weight: 400;\">O novo boletim epidemiol\u00f3gico divulgado nessa quarta-feira (2) pela Secretaria de Sa\u00fade (SS) da Prefeitura de Juiz de Fora (PJF), confirma que o munic\u00edpio teve mais 59 pessoas infectadas por Coronav\u00edrus, acumulando 4.932 casos confirmados. Al\u00e9m disso, 17.785 s\u00e3o suspeitos.<\/span><\/p>\n<p><span style=\"font-weight: 400;\">De acordo com o levantamento, mais dois pacientes vieram a \u00f3bito, totalizando 164 mortes. Uma das v\u00edtimas \u00e9 um idoso de 81 anos e morreu na ter\u00e7a-feira (1), ele apresentava Doen\u00e7a Cardiovascular Cr\u00f4nica (DCC) e Diabetes Mellitus (DM). O segundo caso \u00e9 um outro idoso, de 60 anos e morreu nessa quarta-feira. Ele tinha Doen\u00e7a Cardiovascular Cr\u00f4nica (DCC), Diabetes Mellitus (DM) e obesidade como comorbidades.<\/span><\/p>\n<p><b>Leitos\u00a0<\/b><\/p>\n<p><span style=\"font-weight: 400;\">Segundo informa\u00e7\u00f5es da PJF, os leitos de enfermaria est\u00e3o com 61,58% de ocupa\u00e7\u00e3o. J\u00e1 os os leitos de UTI e SUS, est\u00e3o com taxa de 76,33% e 76,50% respectivamente.<\/span><\/p>\n<p><b>Casos recuperados<\/b><\/p>\n<p><span style=\"font-weight: 400;\">De acordo com a Secretaria de Estado da Sa\u00fade de Minas Gerais (SES-MG), Juiz de Fora registra 4.252 pacientes recuperados da doen\u00e7a.\u00a0<\/span><\/p>\n<p><b>Isolamento social<\/b><\/p>\n<p><span style=\"font-weight: 400;\">Conforme os dados divulgados pela Prefeitura, o munic\u00edpio apresenta taxa de isolamento social em 48,99%, cuja m\u00e9dia \u00e9 dos \u00faltimos sete dias. O valor est\u00e1 um pouco acima da taxa registrada em Minas Gerais, que \u00e9 de 48,75%.<\/span><\/p>\n<p><b>Casos e \u00f3bitos confirmados<\/b><\/p>\n<p><span style=\"font-weight: 400;\">Na compara\u00e7\u00e3o com outras cidades do estado, Juiz de Fora permanece como s\u00e9timo munic\u00edpio com maior n\u00famero de casos confirmados. Segundo dados da SES-MG, na primeira posi\u00e7\u00e3o aparece Belo Horizonte com 34.121, Uberl\u00e2ndia em segundo com 20.259, Ipatinga em terceiro com 7.519, Contagem em quarto com 7.310, Governador Valadares em quinto com 6.175 e Montes Claros em sexto com 5.550. Estes s\u00e3o os munic\u00edpios que apresentam mais casos confirmados em compara\u00e7\u00e3o com Juiz de Fora.<\/span><\/p>\n<p><span style=\"font-weight: 400;\">J\u00e1 na quest\u00e3o das mortes confirmadas, o munic\u00edpio permanece em sexto nesse quesito. Belo Horizonte lidera com 1.003 \u00f3bitos, Uberl\u00e2ndia \u00e9 o segundo com 406, Contagem em terceiro com 284, Governador Valadares em quarto com 203 e Betim em quinto com 172.<\/span><\/p>\n","protected":false},"excerpt":{"rendered":"<p>O novo boletim epidemiol\u00f3gico divulgado nessa quarta-feira (2) pela Secretaria de Sa\u00fade (SS) da Prefeitura de Juiz de Fora (PJF), confirma que o munic\u00edpio teve mais 59 pessoas infectadas por Coronav\u00edrus, acumulando 4.932 casos confirmados. Al\u00e9m disso, 17.785 s\u00e3o suspeitos. De acordo com o levantamento, mais dois pacientes vieram a \u00f3bito, totalizando 164 mortes. Uma [&hellip;]<\/p>\n","protected":false},"author":96,"featured_media":163331,"comment_status":"closed","ping_status":"closed","sticky":false,"template":"","format":"standard","meta":{"footnotes":""},"categories":[253,436,440,439],"tags":[],"class_list":["post-168131","post","type-post","status-publish","format-standard","has-post-thumbnail","hentry","category-cidade","category-destaque-da-semana","category-destaques-do-dia","category-ultima-hora"],"_links":{"self":[{"href":"https:\/\/diarioregionaldigital.com.br\/index.php?rest_route=\/wp\/v2\/posts\/168131","targetHints":{"allow":["GET"]}}],"collection":[{"href":"https:\/\/diarioregionaldigital.com.br\/index.php?rest_route=\/wp\/v2\/posts"}],"about":[{"href":"https:\/\/diarioregionaldigital.com.br\/index.php?rest_route=\/wp\/v2\/types\/post"}],"author":[{"embeddable":true,"href":"https:\/\/diarioregionaldigital.com.br\/index.php?rest_route=\/wp\/v2\/users\/96"}],"replies":[{"embeddable":true,"href":"https:\/\/diarioregionaldigital.com.br\/index.php?rest_route=%2Fwp%2Fv2%2Fcomments&post=168131"}],"version-history":[{"count":0,"href":"https:\/\/diarioregionaldigital.com.br\/index.php?rest_route=\/wp\/v2\/posts\/168131\/revisions"}],"wp:featuredmedia":[{"embeddable":true,"href":"https:\/\/diarioregionaldigital.com.br\/index.php?rest_route=\/wp\/v2\/media\/163331"}],"wp:attachment":[{"href":"https:\/\/diarioregionaldigital.com.br\/index.php?rest_route=%2Fwp%2Fv2%2Fmedia&parent=168131"}],"wp:term":[{"taxonomy":"category","embeddable":true,"href":"https:\/\/diarioregionaldigital.com.br\/index.php?rest_route=%2Fwp%2Fv2%2Fcategories&post=168131"},{"taxonomy":"post_tag","embeddable":true,"href":"https:\/\/diarioregionaldigital.com.br\/index.php?rest_route=%2Fwp%2Fv2%2Ftags&post=168131"}],"curies":[{"name":"wp","href":"https:\/\/api.w.org\/{rel}","templated":true}]}}