{"id":168128,"date":"2020-09-02T17:18:50","date_gmt":"2020-09-02T20:18:50","guid":{"rendered":"https:\/\/diarioregionaldigital.com.br\/?p=168128"},"modified":"2020-09-02T17:18:50","modified_gmt":"2020-09-02T20:18:50","slug":"campanha-de-vacinacao-antirrabica-comeca-dia-9-na-zona-rural","status":"publish","type":"post","link":"https:\/\/diarioregionaldigital.com.br\/?p=168128","title":{"rendered":"Campanha de vacina\u00e7\u00e3o antirr\u00e1bica come\u00e7a dia 9 na zona rural"},"content":{"rendered":"<p>A campanha antirr\u00e1bica de 2020 ter\u00e1 sua primeira fase na zona rural, com in\u00edcio na quarta-feira, 9, e t\u00e9rmino previsto no dia 29. Na primeira data, as equipes do Setor de Zoonoses estar\u00e3o nas localidades de Torre\u00f5es e Piratininga. Neste primeiro momento, a previs\u00e3o \u00e9 de que sete mil animais sejam vacinados.<\/p>\n<p>De acordo com o supervisor do setor, Jos\u00e9 Geraldo de Castro J\u00fanior, o objetivo principal da vacina\u00e7\u00e3o \u00e9 evitar a contamina\u00e7\u00e3o humana. C\u00e3es e gatos s\u00e3o os principais transmissores, e, por isso, a campanha \u00e9 direcionada a esses animais.<\/p>\n<p>Dois postos m\u00f3veis, com seis servidores em cada, circular\u00e3o pela \u00e1rea rural, passando de casa em casa. Algumas localidades ainda ter\u00e3o posto fixo.<\/p>\n<p>Todos os animais saud\u00e1veis, a partir de tr\u00eas meses de idade, poder\u00e3o ser vacinados. Em caso de doen\u00e7a, \u00e9 recomendado que o respons\u00e1vel aguarde a recupera\u00e7\u00e3o. O objetivo da imuniza\u00e7\u00e3o \u00e9 criar anticorpos, o que n\u00e3o acontece quando h\u00e1 problema de sa\u00fade.<\/p>\n<p>Como a campanha se dar\u00e1 em meio \u00e0 pandemia da covid-19, s\u00e3o recomendados os cuidados b\u00e1sicos para preven\u00e7\u00e3o: uso de m\u00e1scara, \u00e1lcool gel e evitar aglomera\u00e7\u00f5es.<\/p>\n<p>A primeira etapa de vacina\u00e7\u00e3o na zona urbana est\u00e1 programada para 24 de outubro. A campanha de vacina\u00e7\u00e3o antirr\u00e1bica \u00e9 estrat\u00e9gia do Minist\u00e9rio da Sa\u00fade (MS), que enviar\u00e1 as doses para os estados, e esses, por sua vez, s\u00e3o os respons\u00e1veis por distribuir as doses para os munic\u00edpios.<\/p>\n<p><strong>Fonte:\u00a0<\/strong>Assessoria<\/p>\n","protected":false},"excerpt":{"rendered":"<p>A campanha antirr\u00e1bica de 2020 ter\u00e1 sua primeira fase na zona rural, com in\u00edcio na quarta-feira, 9, e t\u00e9rmino previsto no dia 29. Na primeira data, as equipes do Setor de Zoonoses estar\u00e3o nas localidades de Torre\u00f5es e Piratininga. Neste primeiro momento, a previs\u00e3o \u00e9 de que sete mil animais sejam vacinados. De acordo com [&hellip;]<\/p>\n","protected":false},"author":96,"featured_media":168129,"comment_status":"closed","ping_status":"closed","sticky":false,"template":"","format":"standard","meta":{"footnotes":""},"categories":[253,436,439],"tags":[],"class_list":["post-168128","post","type-post","status-publish","format-standard","has-post-thumbnail","hentry","category-cidade","category-destaque-da-semana","category-ultima-hora"],"_links":{"self":[{"href":"https:\/\/diarioregionaldigital.com.br\/index.php?rest_route=\/wp\/v2\/posts\/168128","targetHints":{"allow":["GET"]}}],"collection":[{"href":"https:\/\/diarioregionaldigital.com.br\/index.php?rest_route=\/wp\/v2\/posts"}],"about":[{"href":"https:\/\/diarioregionaldigital.com.br\/index.php?rest_route=\/wp\/v2\/types\/post"}],"author":[{"embeddable":true,"href":"https:\/\/diarioregionaldigital.com.br\/index.php?rest_route=\/wp\/v2\/users\/96"}],"replies":[{"embeddable":true,"href":"https:\/\/diarioregionaldigital.com.br\/index.php?rest_route=%2Fwp%2Fv2%2Fcomments&post=168128"}],"version-history":[{"count":0,"href":"https:\/\/diarioregionaldigital.com.br\/index.php?rest_route=\/wp\/v2\/posts\/168128\/revisions"}],"wp:featuredmedia":[{"embeddable":true,"href":"https:\/\/diarioregionaldigital.com.br\/index.php?rest_route=\/wp\/v2\/media\/168129"}],"wp:attachment":[{"href":"https:\/\/diarioregionaldigital.com.br\/index.php?rest_route=%2Fwp%2Fv2%2Fmedia&parent=168128"}],"wp:term":[{"taxonomy":"category","embeddable":true,"href":"https:\/\/diarioregionaldigital.com.br\/index.php?rest_route=%2Fwp%2Fv2%2Fcategories&post=168128"},{"taxonomy":"post_tag","embeddable":true,"href":"https:\/\/diarioregionaldigital.com.br\/index.php?rest_route=%2Fwp%2Fv2%2Ftags&post=168128"}],"curies":[{"name":"wp","href":"https:\/\/api.w.org\/{rel}","templated":true}]}}