{"id":168120,"date":"2020-09-02T17:08:58","date_gmt":"2020-09-02T20:08:58","guid":{"rendered":"https:\/\/diarioregionaldigital.com.br\/?p=168120"},"modified":"2020-09-02T17:08:58","modified_gmt":"2020-09-02T20:08:58","slug":"museu-apresenta-em-setembro-temas-referentes-a-independencia-do-brasil","status":"publish","type":"post","link":"https:\/\/diarioregionaldigital.com.br\/?p=168120","title":{"rendered":"Museu apresenta em setembro temas referentes \u00e0 Independ\u00eancia do Brasil"},"content":{"rendered":"<p>Atrav\u00e9s de itens do acervo do Museu \u201cMariano Proc\u00f3pio\u201d, os historiadores e a equipe do Departamento de A\u00e7\u00f5es Culturais e Acervo T\u00e9cnico (Datec) da institui\u00e7\u00e3o, est\u00e3o resgatando alguns fatos relacionados \u00e0 Independ\u00eancia do Brasil, ocorrida em 7 de setembro de 1822, e os personagens nela envolvidos. Ser\u00e3o apresentados itens sobre Dom Pedro I, como parte do processo de constru\u00e7\u00e3o de um Estado Na\u00e7\u00e3o, e objetos alusivos ao fato. Dentre eles, uma \u00e2nfora, tecido com imagem comemorativa da data, leque e medalha. A apresenta\u00e7\u00e3o faz parte da programa\u00e7\u00e3o do projeto &#8220;A Pe\u00e7a da Semana&#8221;, al\u00e9m de um v\u00eddeo a ser publicado no canal oficial da Prefeitura de Juiz de Fora (PJF), no youtube e nas redes sociais do Museu,\u00a0<a href=\"https:\/\/www.facebook.com\/museu.marianoprocopio\">facebook.com\/museu.marianoprocopio<\/a>\u00a0e instagram (@museumarianoprocopio).<\/p>\n<p><strong>Fonte:<\/strong> Assessoria<\/p>\n","protected":false},"excerpt":{"rendered":"<p>Atrav\u00e9s de itens do acervo do Museu \u201cMariano Proc\u00f3pio\u201d, os historiadores e a equipe do Departamento de A\u00e7\u00f5es Culturais e Acervo T\u00e9cnico (Datec) da institui\u00e7\u00e3o, est\u00e3o resgatando alguns fatos relacionados \u00e0 Independ\u00eancia do Brasil, ocorrida em 7 de setembro de 1822, e os personagens nela envolvidos. Ser\u00e3o apresentados itens sobre Dom Pedro I, como parte [&hellip;]<\/p>\n","protected":false},"author":96,"featured_media":168121,"comment_status":"closed","ping_status":"closed","sticky":false,"template":"","format":"standard","meta":{"footnotes":""},"categories":[256,436,439],"tags":[],"class_list":["post-168120","post","type-post","status-publish","format-standard","has-post-thumbnail","hentry","category-cultura","category-destaque-da-semana","category-ultima-hora"],"_links":{"self":[{"href":"https:\/\/diarioregionaldigital.com.br\/index.php?rest_route=\/wp\/v2\/posts\/168120","targetHints":{"allow":["GET"]}}],"collection":[{"href":"https:\/\/diarioregionaldigital.com.br\/index.php?rest_route=\/wp\/v2\/posts"}],"about":[{"href":"https:\/\/diarioregionaldigital.com.br\/index.php?rest_route=\/wp\/v2\/types\/post"}],"author":[{"embeddable":true,"href":"https:\/\/diarioregionaldigital.com.br\/index.php?rest_route=\/wp\/v2\/users\/96"}],"replies":[{"embeddable":true,"href":"https:\/\/diarioregionaldigital.com.br\/index.php?rest_route=%2Fwp%2Fv2%2Fcomments&post=168120"}],"version-history":[{"count":0,"href":"https:\/\/diarioregionaldigital.com.br\/index.php?rest_route=\/wp\/v2\/posts\/168120\/revisions"}],"wp:featuredmedia":[{"embeddable":true,"href":"https:\/\/diarioregionaldigital.com.br\/index.php?rest_route=\/wp\/v2\/media\/168121"}],"wp:attachment":[{"href":"https:\/\/diarioregionaldigital.com.br\/index.php?rest_route=%2Fwp%2Fv2%2Fmedia&parent=168120"}],"wp:term":[{"taxonomy":"category","embeddable":true,"href":"https:\/\/diarioregionaldigital.com.br\/index.php?rest_route=%2Fwp%2Fv2%2Fcategories&post=168120"},{"taxonomy":"post_tag","embeddable":true,"href":"https:\/\/diarioregionaldigital.com.br\/index.php?rest_route=%2Fwp%2Fv2%2Ftags&post=168120"}],"curies":[{"name":"wp","href":"https:\/\/api.w.org\/{rel}","templated":true}]}}