{"id":168117,"date":"2020-09-02T17:06:04","date_gmt":"2020-09-02T20:06:04","guid":{"rendered":"https:\/\/diarioregionaldigital.com.br\/?p=168117"},"modified":"2020-09-02T17:06:04","modified_gmt":"2020-09-02T20:06:04","slug":"painel-de-monitoramento-da-covid-19-vai-trazer-mais-informacoes-sobre-obitos-registrados","status":"publish","type":"post","link":"https:\/\/diarioregionaldigital.com.br\/?p=168117","title":{"rendered":"Painel de monitoramento da covid-19 vai trazer mais informa\u00e7\u00f5es sobre \u00f3bitos registrados"},"content":{"rendered":"<p><main class=\"clear margin-md-bottom-3\"><\/p>\n<div class=\"clear \">\n<p>Com objetivo de trazer ainda mais transpar\u00eancia \u00e0s informa\u00e7\u00f5es da covid-19 em Minas Gerais, o painel de monitoramento da doen\u00e7a, dispon\u00edvel em\u00a0<a href=\"http:\/\/coronavirus.saude.mg.gov.br\/\" target=\"_blank\" rel=\"noopener noreferrer\">coronavirus.saude.mg.gov.br<\/a>, passa a apresentar, a partir desta quarta-feira (2\/9), as\u00a0datas\u00a0de ocorr\u00eancia do \u00f3bito e de confirma\u00e7\u00e3o por parte da\u00a0<a href=\"https:\/\/www.saude.mg.gov.br\/\" target=\"_blank\" rel=\"noopener noreferrer\">Secretaria de Estado de Sa\u00fade (SES-MG)<\/a>. A mudan\u00e7a foi informada pelo secret\u00e1rio Carlos Eduardo Amaral,\u00a0durante a coletiva virtual do dia.<\/p>\n<p>\u201cEsse detalhamento tem sido solicitado por \u00f3rg\u00e3os da imprensa e tamb\u00e9m pela popula\u00e7\u00e3o por meio das redes sociais.\u00a0Vamos trazer essas informa\u00e7\u00f5es para que seja poss\u00edvel diferenciar com clareza o que s\u00e3o \u00f3bitos notificados e confirmados para covid-19, assim como a diferen\u00e7a entre data de ocorr\u00eancia do \u00f3bito e data de confirma\u00e7\u00e3o pela SES-MG\u201d, explicou\u00a0Amaral.<\/p>\n<p><strong>Testagem por saliva<\/strong><\/p>\n<p>O secret\u00e1rio\u00a0tamb\u00e9m falou sobre a testagem por saliva, nova forma de coleta adotada em Minas Gerais desde a \u00faltima semana.\u00a0\u201cJ\u00e1 distribu\u00edmos os frascos espec\u00edficos para essa nova forma de testagem e orientamos os laborat\u00f3rios da rede,\u00a0que fazem a coleta,\u00a0para que tenham essa alternativa. Em alguns lugares, esse tipo de testagem j\u00e1 est\u00e1 acontecendo\u201d, destacou.<\/p>\n<p>O RT-PCR, testagem utilizada desde o in\u00edcio da epidemia, usa uma esp\u00e9cie de cotonete (swab) que \u00e9 colocado no nariz e na cavidade oral. J\u00e1 a testagem por saliva simplifica o processo e dispensa o uso de pe\u00e7as em falta no mercado.<\/p>\n<p>De acordo com o secret\u00e1rio, a testagem por RT-PCR ser\u00e1 mantida para alguns casos espec\u00edficos, como para pacientes sedados que se encontram internados em terapia intensiva.<\/p>\n<p>A nova forma de testagem \u00e9 encabe\u00e7ada pela\u00a0Coordena\u00e7\u00e3o Estadual de Laborat\u00f3rio e Pesquisa da SES-MG, um grupo que conta com a participa\u00e7\u00e3o de representantes da Funda\u00e7\u00e3o Ezequiel Dias (Funed), da Hemominas, da Funda\u00e7\u00e3o Oswaldo Cruz e do Centro de Refer\u00eancia em Sa\u00fade do Trabalhador de Belo Horizonte (Cerest).<\/p>\n<p><strong>Fonte:\u00a0<\/strong>Ag\u00eancia Minas<\/p>\n<\/div>\n<p><\/main><\/p>\n","protected":false},"excerpt":{"rendered":"<p>Com objetivo de trazer ainda mais transpar\u00eancia \u00e0s informa\u00e7\u00f5es da covid-19 em Minas Gerais, o painel de monitoramento da doen\u00e7a, dispon\u00edvel em\u00a0coronavirus.saude.mg.gov.br, passa a apresentar, a partir desta quarta-feira (2\/9), as\u00a0datas\u00a0de ocorr\u00eancia do \u00f3bito e de confirma\u00e7\u00e3o por parte da\u00a0Secretaria de Estado de Sa\u00fade (SES-MG). A mudan\u00e7a foi informada pelo secret\u00e1rio Carlos Eduardo Amaral,\u00a0durante a [&hellip;]<\/p>\n","protected":false},"author":96,"featured_media":168118,"comment_status":"closed","ping_status":"closed","sticky":false,"template":"","format":"standard","meta":{"footnotes":""},"categories":[436,252,439],"tags":[],"class_list":["post-168117","post","type-post","status-publish","format-standard","has-post-thumbnail","hentry","category-destaque-da-semana","category-regiao","category-ultima-hora"],"_links":{"self":[{"href":"https:\/\/diarioregionaldigital.com.br\/index.php?rest_route=\/wp\/v2\/posts\/168117","targetHints":{"allow":["GET"]}}],"collection":[{"href":"https:\/\/diarioregionaldigital.com.br\/index.php?rest_route=\/wp\/v2\/posts"}],"about":[{"href":"https:\/\/diarioregionaldigital.com.br\/index.php?rest_route=\/wp\/v2\/types\/post"}],"author":[{"embeddable":true,"href":"https:\/\/diarioregionaldigital.com.br\/index.php?rest_route=\/wp\/v2\/users\/96"}],"replies":[{"embeddable":true,"href":"https:\/\/diarioregionaldigital.com.br\/index.php?rest_route=%2Fwp%2Fv2%2Fcomments&post=168117"}],"version-history":[{"count":0,"href":"https:\/\/diarioregionaldigital.com.br\/index.php?rest_route=\/wp\/v2\/posts\/168117\/revisions"}],"wp:featuredmedia":[{"embeddable":true,"href":"https:\/\/diarioregionaldigital.com.br\/index.php?rest_route=\/wp\/v2\/media\/168118"}],"wp:attachment":[{"href":"https:\/\/diarioregionaldigital.com.br\/index.php?rest_route=%2Fwp%2Fv2%2Fmedia&parent=168117"}],"wp:term":[{"taxonomy":"category","embeddable":true,"href":"https:\/\/diarioregionaldigital.com.br\/index.php?rest_route=%2Fwp%2Fv2%2Fcategories&post=168117"},{"taxonomy":"post_tag","embeddable":true,"href":"https:\/\/diarioregionaldigital.com.br\/index.php?rest_route=%2Fwp%2Fv2%2Ftags&post=168117"}],"curies":[{"name":"wp","href":"https:\/\/api.w.org\/{rel}","templated":true}]}}