{"id":168113,"date":"2020-09-02T16:57:27","date_gmt":"2020-09-02T19:57:27","guid":{"rendered":"https:\/\/diarioregionaldigital.com.br\/?p=168113"},"modified":"2020-09-02T16:57:27","modified_gmt":"2020-09-02T19:57:27","slug":"adolescente-e-assaltado-por-quatro-individuos-no-bairro-barbosa-lage","status":"publish","type":"post","link":"https:\/\/diarioregionaldigital.com.br\/?p=168113","title":{"rendered":"Adolescente \u00e9 assaltado por quatro indiv\u00edduos no Bairro Barbosa Lage"},"content":{"rendered":"<p>Na noite de ter\u00e7a-feira (1), um adolescente de 16 anos, transitava de bicicleta pela Avenida Garcia Rodrigues Paes, no Bairro Barbosa Lage (Regi\u00e3o Norte) em Juiz de Fora, quando foi abordado por quatro indiv\u00edduos de 15 a 16 anos. Durante o ato, um deles perguntou onde a v\u00edtima estaria indo, que ao parar foi agredida a socos e tapas na regi\u00e3o da cabe\u00e7a. Os autores roubaram a bicicleta, um telefone celular e um bon\u00e9 cinza. Durante o ato, um jovem viu a situa\u00e7\u00e3o e durante a interven\u00e7\u00e3o, conseguiu recuperar o ve\u00edculo.<\/p>\n<p>A testemunha relatou \u00e0 Pol\u00edcia Militar (PM) que os autores transitavam pela Rua Ant\u00f4nio Weitzel. De posse das informa\u00e7\u00f5es, a guarni\u00e7\u00e3o iniciou o rastreamento e deslocaram ao local, onde abordaram os suspeitos e durante buscas pessoais, encontraram os pertences da v\u00edtima. Diante dos fatos, os menores foram apreendidos e encaminhados a delegacia de plant\u00e3o.<\/p>\n","protected":false},"excerpt":{"rendered":"<p>Na noite de ter\u00e7a-feira (1), um adolescente de 16 anos, transitava de bicicleta pela Avenida Garcia Rodrigues Paes, no Bairro Barbosa Lage (Regi\u00e3o Norte) em Juiz de Fora, quando foi abordado por quatro indiv\u00edduos de 15 a 16 anos. Durante o ato, um deles perguntou onde a v\u00edtima estaria indo, que ao parar foi agredida [&hellip;]<\/p>\n","protected":false},"author":96,"featured_media":165308,"comment_status":"closed","ping_status":"closed","sticky":false,"template":"","format":"standard","meta":{"footnotes":""},"categories":[301,436,439],"tags":[],"class_list":["post-168113","post","type-post","status-publish","format-standard","has-post-thumbnail","hentry","category-artigos-policiais","category-destaque-da-semana","category-ultima-hora"],"_links":{"self":[{"href":"https:\/\/diarioregionaldigital.com.br\/index.php?rest_route=\/wp\/v2\/posts\/168113","targetHints":{"allow":["GET"]}}],"collection":[{"href":"https:\/\/diarioregionaldigital.com.br\/index.php?rest_route=\/wp\/v2\/posts"}],"about":[{"href":"https:\/\/diarioregionaldigital.com.br\/index.php?rest_route=\/wp\/v2\/types\/post"}],"author":[{"embeddable":true,"href":"https:\/\/diarioregionaldigital.com.br\/index.php?rest_route=\/wp\/v2\/users\/96"}],"replies":[{"embeddable":true,"href":"https:\/\/diarioregionaldigital.com.br\/index.php?rest_route=%2Fwp%2Fv2%2Fcomments&post=168113"}],"version-history":[{"count":0,"href":"https:\/\/diarioregionaldigital.com.br\/index.php?rest_route=\/wp\/v2\/posts\/168113\/revisions"}],"wp:featuredmedia":[{"embeddable":true,"href":"https:\/\/diarioregionaldigital.com.br\/index.php?rest_route=\/wp\/v2\/media\/165308"}],"wp:attachment":[{"href":"https:\/\/diarioregionaldigital.com.br\/index.php?rest_route=%2Fwp%2Fv2%2Fmedia&parent=168113"}],"wp:term":[{"taxonomy":"category","embeddable":true,"href":"https:\/\/diarioregionaldigital.com.br\/index.php?rest_route=%2Fwp%2Fv2%2Fcategories&post=168113"},{"taxonomy":"post_tag","embeddable":true,"href":"https:\/\/diarioregionaldigital.com.br\/index.php?rest_route=%2Fwp%2Fv2%2Ftags&post=168113"}],"curies":[{"name":"wp","href":"https:\/\/api.w.org\/{rel}","templated":true}]}}