{"id":168110,"date":"2020-09-02T16:42:19","date_gmt":"2020-09-02T19:42:19","guid":{"rendered":"https:\/\/diarioregionaldigital.com.br\/?p=168110"},"modified":"2020-09-02T16:42:19","modified_gmt":"2020-09-02T19:42:19","slug":"predio-do-pam-marechal-fica-fechado-na-sexta-feira-para-desinfeccao","status":"publish","type":"post","link":"https:\/\/diarioregionaldigital.com.br\/?p=168110","title":{"rendered":"Pr\u00e9dio do PAM-Marechal fica fechado na sexta-feira para desinfec\u00e7\u00e3o"},"content":{"rendered":"<div id=\"box_texto_noticia\">O pr\u00e9dio do Pronto Atendimento M\u00e9dico (PAM) Marechal passar\u00e1 por desinfec\u00e7\u00e3o no dia 4, sexta-feira. O procedimento tornar\u00e1 necess\u00e1ria a suspens\u00e3o das atividades durante todo o dia. As consultas e outros atendimentos marcados para a data ser\u00e3o reagendados para o dia 11, sexta-feira seguinte, nos mesmos hor\u00e1rios.<\/p>\n<p>A desinfec\u00e7\u00e3o ser\u00e1 realizada pelo Departamento Municipal de Limpeza Urbana (Demlurb). Como na segunda-feira,7, \u00e9 feriado comemorativo da Independ\u00eancia do Brasil, o funcionamento volta ao normal na ter\u00e7a-feira, 8.<\/p><\/div>\n<div><\/div>\n<div><strong>Fonte:<\/strong> Assessoria<\/div>\n","protected":false},"excerpt":{"rendered":"<p>O pr\u00e9dio do Pronto Atendimento M\u00e9dico (PAM) Marechal passar\u00e1 por desinfec\u00e7\u00e3o no dia 4, sexta-feira. O procedimento tornar\u00e1 necess\u00e1ria a suspens\u00e3o das atividades durante todo o dia. As consultas e outros atendimentos marcados para a data ser\u00e3o reagendados para o dia 11, sexta-feira seguinte, nos mesmos hor\u00e1rios. A desinfec\u00e7\u00e3o ser\u00e1 realizada pelo Departamento Municipal de [&hellip;]<\/p>\n","protected":false},"author":96,"featured_media":168111,"comment_status":"closed","ping_status":"closed","sticky":false,"template":"","format":"standard","meta":{"footnotes":""},"categories":[253,436,439],"tags":[],"class_list":["post-168110","post","type-post","status-publish","format-standard","has-post-thumbnail","hentry","category-cidade","category-destaque-da-semana","category-ultima-hora"],"_links":{"self":[{"href":"https:\/\/diarioregionaldigital.com.br\/index.php?rest_route=\/wp\/v2\/posts\/168110","targetHints":{"allow":["GET"]}}],"collection":[{"href":"https:\/\/diarioregionaldigital.com.br\/index.php?rest_route=\/wp\/v2\/posts"}],"about":[{"href":"https:\/\/diarioregionaldigital.com.br\/index.php?rest_route=\/wp\/v2\/types\/post"}],"author":[{"embeddable":true,"href":"https:\/\/diarioregionaldigital.com.br\/index.php?rest_route=\/wp\/v2\/users\/96"}],"replies":[{"embeddable":true,"href":"https:\/\/diarioregionaldigital.com.br\/index.php?rest_route=%2Fwp%2Fv2%2Fcomments&post=168110"}],"version-history":[{"count":0,"href":"https:\/\/diarioregionaldigital.com.br\/index.php?rest_route=\/wp\/v2\/posts\/168110\/revisions"}],"wp:featuredmedia":[{"embeddable":true,"href":"https:\/\/diarioregionaldigital.com.br\/index.php?rest_route=\/wp\/v2\/media\/168111"}],"wp:attachment":[{"href":"https:\/\/diarioregionaldigital.com.br\/index.php?rest_route=%2Fwp%2Fv2%2Fmedia&parent=168110"}],"wp:term":[{"taxonomy":"category","embeddable":true,"href":"https:\/\/diarioregionaldigital.com.br\/index.php?rest_route=%2Fwp%2Fv2%2Fcategories&post=168110"},{"taxonomy":"post_tag","embeddable":true,"href":"https:\/\/diarioregionaldigital.com.br\/index.php?rest_route=%2Fwp%2Fv2%2Ftags&post=168110"}],"curies":[{"name":"wp","href":"https:\/\/api.w.org\/{rel}","templated":true}]}}