{"id":168106,"date":"2020-09-02T16:39:59","date_gmt":"2020-09-02T19:39:59","guid":{"rendered":"https:\/\/diarioregionaldigital.com.br\/?p=168106"},"modified":"2020-09-02T16:39:59","modified_gmt":"2020-09-02T19:39:59","slug":"pcmg-e-guarda-municipal-deflagram-operacao-no-centro-de-juiz-de-fora","status":"publish","type":"post","link":"https:\/\/diarioregionaldigital.com.br\/?p=168106","title":{"rendered":"PCMG e Guarda Municipal deflagram opera\u00e7\u00e3o no Centro de Juiz de Fora"},"content":{"rendered":"<p><span style=\"font-weight: 400;\">Em a\u00e7\u00e3o conjunta, a Pol\u00edcia Civil de Minas Gerais (PCMG) e a Guarda Municipal (GM), deflagraram na ter\u00e7a-feira (1), uma opera\u00e7\u00e3o na Pra\u00e7a dos Tr\u00eas Poderes, na Regi\u00e3o Central de Juiz de Fora, que resultou na pris\u00e3o de tr\u00eas indiv\u00edduos e materiais relacionados ao tr\u00e1fico de drogas.<\/span><\/p>\n<p><span style=\"font-weight: 400;\">De acordo com informa\u00e7\u00f5es do titular da Delegacia Especializada Antidrogas, Delegado Rafael Gomes, \u201capura\u00e7\u00f5es indicaram que o ponto de vendas seria a Pra\u00e7a dos Tr\u00eas Poderes, localizada no Centro, e, ap\u00f3s troca de informa\u00e7\u00f5es com a Guarda Municipal, foi apurado que as drogas ficavam escondidas em uma oficina mec\u00e2nica, situada pr\u00f3xima ao local\u201d, contou, informando que foi montada a opera\u00e7\u00e3o para combater o tr\u00e1fico na localidade, resultando na abordagem dos tr\u00eas indiv\u00edduos. Um deles foi localizado no estabelecimento, j\u00e1 os outros envolvidos foram abordados na pra\u00e7a, onde vendiam os entorpecentes.\u00a0<\/span><\/p>\n<p><span style=\"font-weight: 400;\">A opera\u00e7\u00e3o resultou na apreens\u00e3o de um tablete e duas por\u00e7\u00f5es de maconha e R$ 707 em dinheiro. Todos os autores foram encaminhados ao sistema prisional, permanecendo \u00e0 disposi\u00e7\u00e3o da Justi\u00e7a. O menor foi ouvido e entregue ao respons\u00e1vel legal, conforme disposto no Estatuto da Crian\u00e7a e do Adolescente (ECA).<\/span><\/p>\n<p>&nbsp;<\/p>\n","protected":false},"excerpt":{"rendered":"<p>Em a\u00e7\u00e3o conjunta, a Pol\u00edcia Civil de Minas Gerais (PCMG) e a Guarda Municipal (GM), deflagraram na ter\u00e7a-feira (1), uma opera\u00e7\u00e3o na Pra\u00e7a dos Tr\u00eas Poderes, na Regi\u00e3o Central de Juiz de Fora, que resultou na pris\u00e3o de tr\u00eas indiv\u00edduos e materiais relacionados ao tr\u00e1fico de drogas. De acordo com informa\u00e7\u00f5es do titular da Delegacia [&hellip;]<\/p>\n","protected":false},"author":96,"featured_media":168108,"comment_status":"closed","ping_status":"closed","sticky":false,"template":"","format":"standard","meta":{"footnotes":""},"categories":[301,436,440,439],"tags":[],"class_list":["post-168106","post","type-post","status-publish","format-standard","has-post-thumbnail","hentry","category-artigos-policiais","category-destaque-da-semana","category-destaques-do-dia","category-ultima-hora"],"_links":{"self":[{"href":"https:\/\/diarioregionaldigital.com.br\/index.php?rest_route=\/wp\/v2\/posts\/168106","targetHints":{"allow":["GET"]}}],"collection":[{"href":"https:\/\/diarioregionaldigital.com.br\/index.php?rest_route=\/wp\/v2\/posts"}],"about":[{"href":"https:\/\/diarioregionaldigital.com.br\/index.php?rest_route=\/wp\/v2\/types\/post"}],"author":[{"embeddable":true,"href":"https:\/\/diarioregionaldigital.com.br\/index.php?rest_route=\/wp\/v2\/users\/96"}],"replies":[{"embeddable":true,"href":"https:\/\/diarioregionaldigital.com.br\/index.php?rest_route=%2Fwp%2Fv2%2Fcomments&post=168106"}],"version-history":[{"count":0,"href":"https:\/\/diarioregionaldigital.com.br\/index.php?rest_route=\/wp\/v2\/posts\/168106\/revisions"}],"wp:featuredmedia":[{"embeddable":true,"href":"https:\/\/diarioregionaldigital.com.br\/index.php?rest_route=\/wp\/v2\/media\/168108"}],"wp:attachment":[{"href":"https:\/\/diarioregionaldigital.com.br\/index.php?rest_route=%2Fwp%2Fv2%2Fmedia&parent=168106"}],"wp:term":[{"taxonomy":"category","embeddable":true,"href":"https:\/\/diarioregionaldigital.com.br\/index.php?rest_route=%2Fwp%2Fv2%2Fcategories&post=168106"},{"taxonomy":"post_tag","embeddable":true,"href":"https:\/\/diarioregionaldigital.com.br\/index.php?rest_route=%2Fwp%2Fv2%2Ftags&post=168106"}],"curies":[{"name":"wp","href":"https:\/\/api.w.org\/{rel}","templated":true}]}}