{"id":168099,"date":"2020-09-02T14:37:12","date_gmt":"2020-09-02T17:37:12","guid":{"rendered":"https:\/\/diarioregionaldigital.com.br\/?p=168099"},"modified":"2020-09-02T14:37:12","modified_gmt":"2020-09-02T17:37:12","slug":"neymar-testa-positivo-para-coronavirus-junto-com-outros-dois-jogadores-do-psg","status":"publish","type":"post","link":"https:\/\/diarioregionaldigital.com.br\/?p=168099","title":{"rendered":"Neymar testa positivo para Coronav\u00edrus, junto com outros dois jogadores do PSG"},"content":{"rendered":"<p><span style=\"font-weight: 400;\">O atacante brasileiro Neymar, testou positivo para Coronav\u00edrus, ap\u00f3s realizar testes no Centro de Treinamento do Paris Saint-Germain. Al\u00e9m disso, os argentinos \u00c1ngel Di Maria e Leandro Paredes, tamb\u00e9m s\u00e3o os jogadores infectados. A informa\u00e7\u00e3o foi divulgada pelo pr\u00f3prio clube, em seu site oficial:<\/span><\/p>\n<p><span style=\"font-weight: 400;\">\u201cTr\u00eas jogadores do PSG deram positivo no teste Sars CoV2 e est\u00e3o sujeitos ao protocolo de sa\u00fade apropriado. Todos os jogadores e funcion\u00e1rios continuar\u00e3o a realizar testes nos pr\u00f3ximos dias\u201d.<\/span><\/p>\n<p><span style=\"font-weight: 400;\">Segundo informa\u00e7\u00f5es do jornal \u201cL\u2019Equipe\u201d, Neymar chegou em Ibiza na Espanha, na \u00faltima quinta-feira (27) e no s\u00e1bado come\u00e7ou a sentir mal. Por conta disso, o jogador retornou a Paris no domingo. Al\u00e9m disso, seu pai e o filho Davi Lucca, 9 anos, tamb\u00e9m foram diagnosticados com a doen\u00e7a. Todos os infectados passam bem.<\/span><\/p>\n<p><span style=\"font-weight: 400;\">Como previsto em protocolo sanit\u00e1rio feito pela Liga de Futebol Profissional (LFP) da Fran\u00e7a, todos os atletas que testarem positivo para a doen\u00e7a, devem ficar em quarentena durante o per\u00edodo de 14 dias. Por conta disso, Neymar, Di Maria e Paredes est\u00e3o fora da estreia do PSG pelo Campeonato Franc\u00eas diante do Lens, no dia 10 deste m\u00eas.<\/span><\/p>\n<p>&nbsp;<\/p>\n","protected":false},"excerpt":{"rendered":"<p>O atacante brasileiro Neymar, testou positivo para Coronav\u00edrus, ap\u00f3s realizar testes no Centro de Treinamento do Paris Saint-Germain. Al\u00e9m disso, os argentinos \u00c1ngel Di Maria e Leandro Paredes, tamb\u00e9m s\u00e3o os jogadores infectados. A informa\u00e7\u00e3o foi divulgada pelo pr\u00f3prio clube, em seu site oficial: \u201cTr\u00eas jogadores do PSG deram positivo no teste Sars CoV2 e [&hellip;]<\/p>\n","protected":false},"author":96,"featured_media":168101,"comment_status":"closed","ping_status":"closed","sticky":false,"template":"","format":"standard","meta":{"footnotes":""},"categories":[436,257,439],"tags":[],"class_list":["post-168099","post","type-post","status-publish","format-standard","has-post-thumbnail","hentry","category-destaque-da-semana","category-esporte","category-ultima-hora"],"_links":{"self":[{"href":"https:\/\/diarioregionaldigital.com.br\/index.php?rest_route=\/wp\/v2\/posts\/168099","targetHints":{"allow":["GET"]}}],"collection":[{"href":"https:\/\/diarioregionaldigital.com.br\/index.php?rest_route=\/wp\/v2\/posts"}],"about":[{"href":"https:\/\/diarioregionaldigital.com.br\/index.php?rest_route=\/wp\/v2\/types\/post"}],"author":[{"embeddable":true,"href":"https:\/\/diarioregionaldigital.com.br\/index.php?rest_route=\/wp\/v2\/users\/96"}],"replies":[{"embeddable":true,"href":"https:\/\/diarioregionaldigital.com.br\/index.php?rest_route=%2Fwp%2Fv2%2Fcomments&post=168099"}],"version-history":[{"count":0,"href":"https:\/\/diarioregionaldigital.com.br\/index.php?rest_route=\/wp\/v2\/posts\/168099\/revisions"}],"wp:featuredmedia":[{"embeddable":true,"href":"https:\/\/diarioregionaldigital.com.br\/index.php?rest_route=\/wp\/v2\/media\/168101"}],"wp:attachment":[{"href":"https:\/\/diarioregionaldigital.com.br\/index.php?rest_route=%2Fwp%2Fv2%2Fmedia&parent=168099"}],"wp:term":[{"taxonomy":"category","embeddable":true,"href":"https:\/\/diarioregionaldigital.com.br\/index.php?rest_route=%2Fwp%2Fv2%2Fcategories&post=168099"},{"taxonomy":"post_tag","embeddable":true,"href":"https:\/\/diarioregionaldigital.com.br\/index.php?rest_route=%2Fwp%2Fv2%2Ftags&post=168099"}],"curies":[{"name":"wp","href":"https:\/\/api.w.org\/{rel}","templated":true}]}}