{"id":168094,"date":"2020-09-02T14:16:48","date_gmt":"2020-09-02T17:16:48","guid":{"rendered":"https:\/\/diarioregionaldigital.com.br\/?p=168094"},"modified":"2020-09-02T14:18:31","modified_gmt":"2020-09-02T17:18:31","slug":"tecnica-pia-sundhage-convoca-selecao-feminina-para-periodo-de-preparacao-na-granja-comary","status":"publish","type":"post","link":"https:\/\/diarioregionaldigital.com.br\/?p=168094","title":{"rendered":"T\u00e9cnica Pia Sundhage convoca Sele\u00e7\u00e3o Feminina para per\u00edodo de prepara\u00e7\u00e3o na Granja Comary"},"content":{"rendered":"<p><span style=\"font-weight: 400;\">A treinadora Pia Sundhage, da Sele\u00e7\u00e3o Feminina, divulgou nesta quarta-feira (2), a lista de jogadoras convocadas para participarem do per\u00edodo de treinamentos na Granja Comary em Teres\u00f3polis-RJ. Todas as convocadas estar\u00e3o \u00e0 disposi\u00e7\u00e3o entre os dias 14 e 22 de setembro.<\/span><\/p>\n<p><span style=\"font-weight: 400;\">Por conta das restri\u00e7\u00f5es de viagens internacionais, decorrentes da pandemia do Coronav\u00edrus, a lista conta somente com atletas que atuam no futebol brasileiro. Al\u00e9m disso, esta \u00e9 a primeira convoca\u00e7\u00e3o da Sele\u00e7\u00e3o Brasileira, desde a paralisa\u00e7\u00e3o das atividades em meio a epidemia. A\u00a0 libera\u00e7\u00e3o desta data para os treinamentos foi definida pela Confedera\u00e7\u00e3o Brasileira de Futebol (CBF) em concord\u00e2ncia com os clubes.<\/span><\/p>\n<p><b>Confira a lista de convocadas:<\/b><\/p>\n<p><b>Goleiras:<\/b><\/p>\n<p><span style=\"font-weight: 400;\">B\u00e1rbara &#8211; Ava\u00ed\/Kindermann<\/span><\/p>\n<p><span style=\"font-weight: 400;\">Leticia Izidoro &#8211; Corinthians<\/span><\/p>\n<p><span style=\"font-weight: 400;\">Luciana &#8211; Ferrovi\u00e1ria<\/span><\/p>\n<p><b>Defensoras:<\/b><\/p>\n<p><span style=\"font-weight: 400;\">Tamires &#8211; Corinthians<\/span><\/p>\n<p><span style=\"font-weight: 400;\">Fernanda Palermo &#8211; Santos<\/span><\/p>\n<p><span style=\"font-weight: 400;\">Ingrid (Pardal) &#8211; Corinthians<\/span><\/p>\n<p><span style=\"font-weight: 400;\">Erika &#8211; Corinthians<\/span><\/p>\n<p><span style=\"font-weight: 400;\">Bruna Benites &#8211; Internacional<\/span><\/p>\n<p><span style=\"font-weight: 400;\">Tayla &#8211; Santos<\/span><\/p>\n<p><span style=\"font-weight: 400;\">Isabella &#8211; Palmeiras<\/span><\/p>\n<p><span style=\"font-weight: 400;\">Tainara &#8211; Santos<\/span><\/p>\n<p><span style=\"font-weight: 400;\">Bruna Calderan &#8211; Ava\u00ed\/Kindermann<\/span><\/p>\n<p><span style=\"font-weight: 400;\">Ch\u00fa &#8211; Ferrovi\u00e1ria<\/span><\/p>\n<p><b>Meio-campistas:<\/b><\/p>\n<p><span style=\"font-weight: 400;\">Camila &#8211; Palmeiras<\/span><\/p>\n<p><span style=\"font-weight: 400;\">Adriana Leal &#8211; Corinthians<\/span><\/p>\n<p><span style=\"font-weight: 400;\">Vit\u00f3ria (Yaya) &#8211; S\u00e3o Paulo<\/span><\/p>\n<p><span style=\"font-weight: 400;\">Aline Milene &#8211; Ferrovi\u00e1ria<\/span><\/p>\n<p><span style=\"font-weight: 400;\">Maria Eduarda Sampaio (Duda) &#8211; Cruzeiro<\/span><\/p>\n<p><span style=\"font-weight: 400;\">Ana Caroline &#8211; S\u00e3o Paulo<\/span><\/p>\n<p><span style=\"font-weight: 400;\">Andressinha &#8211; Corinthians<\/span><\/p>\n<p><b>Atacantes:<\/b><\/p>\n<p><span style=\"font-weight: 400;\">Cristiane &#8211; Santos<\/span><\/p>\n<p><span style=\"font-weight: 400;\">Ary Borges &#8211; Palmeiras<\/span><\/p>\n<p><span style=\"font-weight: 400;\">Vict\u00f3ria &#8211; Corinthians<\/span><\/p>\n<p><span style=\"font-weight: 400;\">Duda &#8211; S\u00e3o Paulo<\/span><\/p>\n<p>&nbsp;<\/p>\n","protected":false},"excerpt":{"rendered":"<p>A treinadora Pia Sundhage, da Sele\u00e7\u00e3o Feminina, divulgou nesta quarta-feira (2), a lista de jogadoras convocadas para participarem do per\u00edodo de treinamentos na Granja Comary em Teres\u00f3polis-RJ. Todas as convocadas estar\u00e3o \u00e0 disposi\u00e7\u00e3o entre os dias 14 e 22 de setembro. Por conta das restri\u00e7\u00f5es de viagens internacionais, decorrentes da pandemia do Coronav\u00edrus, a lista [&hellip;]<\/p>\n","protected":false},"author":96,"featured_media":168097,"comment_status":"closed","ping_status":"closed","sticky":false,"template":"","format":"standard","meta":{"footnotes":""},"categories":[436,257,439],"tags":[],"class_list":["post-168094","post","type-post","status-publish","format-standard","has-post-thumbnail","hentry","category-destaque-da-semana","category-esporte","category-ultima-hora"],"_links":{"self":[{"href":"https:\/\/diarioregionaldigital.com.br\/index.php?rest_route=\/wp\/v2\/posts\/168094","targetHints":{"allow":["GET"]}}],"collection":[{"href":"https:\/\/diarioregionaldigital.com.br\/index.php?rest_route=\/wp\/v2\/posts"}],"about":[{"href":"https:\/\/diarioregionaldigital.com.br\/index.php?rest_route=\/wp\/v2\/types\/post"}],"author":[{"embeddable":true,"href":"https:\/\/diarioregionaldigital.com.br\/index.php?rest_route=\/wp\/v2\/users\/96"}],"replies":[{"embeddable":true,"href":"https:\/\/diarioregionaldigital.com.br\/index.php?rest_route=%2Fwp%2Fv2%2Fcomments&post=168094"}],"version-history":[{"count":0,"href":"https:\/\/diarioregionaldigital.com.br\/index.php?rest_route=\/wp\/v2\/posts\/168094\/revisions"}],"wp:featuredmedia":[{"embeddable":true,"href":"https:\/\/diarioregionaldigital.com.br\/index.php?rest_route=\/wp\/v2\/media\/168097"}],"wp:attachment":[{"href":"https:\/\/diarioregionaldigital.com.br\/index.php?rest_route=%2Fwp%2Fv2%2Fmedia&parent=168094"}],"wp:term":[{"taxonomy":"category","embeddable":true,"href":"https:\/\/diarioregionaldigital.com.br\/index.php?rest_route=%2Fwp%2Fv2%2Fcategories&post=168094"},{"taxonomy":"post_tag","embeddable":true,"href":"https:\/\/diarioregionaldigital.com.br\/index.php?rest_route=%2Fwp%2Fv2%2Ftags&post=168094"}],"curies":[{"name":"wp","href":"https:\/\/api.w.org\/{rel}","templated":true}]}}