{"id":168091,"date":"2020-09-02T14:04:38","date_gmt":"2020-09-02T17:04:38","guid":{"rendered":"https:\/\/diarioregionaldigital.com.br\/?p=168091"},"modified":"2020-09-02T14:04:38","modified_gmt":"2020-09-02T17:04:38","slug":"com-tres-novas-modalidades-ja-confirmadas-cob-tera-100-atletas-na-missao-europa-em-setembro","status":"publish","type":"post","link":"https:\/\/diarioregionaldigital.com.br\/?p=168091","title":{"rendered":"Com tr\u00eas novas modalidades j\u00e1 confirmadas, COB ter\u00e1 100 atletas na Miss\u00e3o Europa em setembro"},"content":{"rendered":"<p><span style=\"font-weight: 400;\">Setembro ser\u00e1 um m\u00eas de grandes novidades na Miss\u00e3o Europa, projeto organizado pelo Comit\u00ea Ol\u00edmpico do Brasil (COB) que possibilita aos atletas a retomada de seus treinamentos de alto n\u00edvel visando os Jogos Ol\u00edmpicos de T\u00f3quio. Pelo menos tr\u00eas novas modalidades v\u00e3o desembarcar em Portugal nas pr\u00f3ximas semanas: canoagem slalom, ciclismo BMX e esgrima.<\/span><\/p>\n<p><span style=\"font-weight: 400;\">Considerando ainda que outros esportes que j\u00e1 est\u00e3o distribu\u00eddos pelas cinco bases do Time Brasil no pa\u00eds \u2013 Rio Maior, Cascais (vela), Coimbra (jud\u00f4), Sangalhos (gin\u00e1stica art\u00edstica e r\u00edtmica) e Vila Nova de Gaia (t\u00eanis de mesa) \u2013, 100 atletas treinar\u00e3o na Europa em setembro.<\/span><\/p>\n<p><span style=\"font-weight: 400;\">\u201cConsegui manter um bom condicionamento f\u00edsico e fiz um trabalho espec\u00edfico. Minha expectativa agora \u00e9 voltar ao ritmo de jogo, retomando a parte t\u00e9cnica e espec\u00edfica. Acredito que em dois meses, com o volume de treinamentos e combates, estarei pronta para as competi\u00e7\u00f5es\u201d, diz a esgrimista Bia Bulc\u00e3o, que desembarca em Lisboa nesta quarta-feira, dia 2, acompanhada da jovem atleta Gabriella Viana e do treinador Bernardo Schwuchow, que dar\u00e3o suporte \u00e0 medalhista de bronze no florete nos Jogos Pan-americanos Lima 2019.<\/span><\/p>\n<p><span style=\"font-weight: 400;\">No Rio Maior Sports Centre, o trio da esgrima vai encontrar outros grandes nomes do esporte nacional, casos do nadador Bruno Fratus, que chegou esta semana ao centro de treinamento, e do triplista Almir J\u00fanior, que vem junto com um novo grupo do atletismo.<\/span><\/p>\n<p><span style=\"font-weight: 400;\">Enquanto uns iniciam as atividades em Portugal, outros d\u00e3o continuidade aos treinamentos no Brasil. A maior parte dos nadadores retornou ao pa\u00eds no \u00faltimo fim de semana e j\u00e1 est\u00e1 de volta \u00e0 rotina normal em seus clubes. Eles seguem o exemplo do boxe, em S\u00e3o Paulo, e do nado art\u00edstico, no Rio de Janeiro, em prepara\u00e7\u00e3o para os respectivos pr\u00e9-ol\u00edmpicos, em 2021.<\/span><\/p>\n<p><span style=\"font-weight: 400;\">A Miss\u00e3o Europa vem agradando tanto a atletas e treinadores que j\u00e1 teve modalidade prorrogando sua estadia em Portugal. O jud\u00f4, por exemplo, decidiu continuar em Coimbra at\u00e9 27 de setembro.<\/span><\/p>\n<p><span style=\"font-weight: 400;\">\u201cN\u00f3s estamos monitorando a situa\u00e7\u00e3o da pandemia no Brasil, nos reunimos semanalmente com os t\u00e9cnicos dos principais clubes que t\u00eam atletas na sele\u00e7\u00e3o e o cen\u00e1rio ainda n\u00e3o nos d\u00e1 condi\u00e7\u00f5es de promover um treinamento no Brasil com a qualidade e a seguran\u00e7a que estamos tendo em Portugal. N\u00e3o podemos correr o risco de perder tudo o que constru\u00edmos nesses 40 dias de treinos em Coimbra e, por isso, optamos por estender nossa participa\u00e7\u00e3o na Miss\u00e3o Europa\u201d, afirma Ney Wilson, gestor de Alto Rendimento da Confedera\u00e7\u00e3o Brasileira de Jud\u00f4 (CBJ).<\/span><\/p>\n<p><span style=\"font-weight: 400;\">Por fim, a Miss\u00e3o Europa ainda reserva para setembro uma s\u00e9rie de competi\u00e7\u00f5es em solo europeu. Em muitos pa\u00edses, exige-se um per\u00edodo m\u00ednimo de perman\u00eancia no continente antes de embarcar e, nesse sentido, o per\u00edodo em Portugal tem sido fundamental para o planejamento dos atletas.<\/span><\/p>\n<p><span style=\"font-weight: 400;\">Foi assim com os tenistas Jo\u00e3o Menezes, Thomaz Bellucci, Beatriz Haddad Maia e Carol Meligeni, que treinaram por quase tr\u00eas semanas em Rio Maior e agora j\u00e1 est\u00e3o correndo o Circuito Mundial, divididos entre It\u00e1lia, Portugal e Su\u00ed\u00e7a. Quem tamb\u00e9m est\u00e1 de malas prontas s\u00e3o: triatlo, que tem competi\u00e7\u00f5es na Alemanha e na Rep\u00fablica Tcheca; maratonas aqu\u00e1ticas, na It\u00e1lia e na Fran\u00e7a; e vela, tamb\u00e9m na Alemanha.<\/span><\/p>\n<p><strong>Fonte:<\/strong> COB<\/p>\n","protected":false},"excerpt":{"rendered":"<p>Setembro ser\u00e1 um m\u00eas de grandes novidades na Miss\u00e3o Europa, projeto organizado pelo Comit\u00ea Ol\u00edmpico do Brasil (COB) que possibilita aos atletas a retomada de seus treinamentos de alto n\u00edvel visando os Jogos Ol\u00edmpicos de T\u00f3quio. Pelo menos tr\u00eas novas modalidades v\u00e3o desembarcar em Portugal nas pr\u00f3ximas semanas: canoagem slalom, ciclismo BMX e esgrima. Considerando [&hellip;]<\/p>\n","protected":false},"author":96,"featured_media":168092,"comment_status":"closed","ping_status":"closed","sticky":false,"template":"","format":"standard","meta":{"footnotes":""},"categories":[436,257,439],"tags":[],"class_list":["post-168091","post","type-post","status-publish","format-standard","has-post-thumbnail","hentry","category-destaque-da-semana","category-esporte","category-ultima-hora"],"_links":{"self":[{"href":"https:\/\/diarioregionaldigital.com.br\/index.php?rest_route=\/wp\/v2\/posts\/168091","targetHints":{"allow":["GET"]}}],"collection":[{"href":"https:\/\/diarioregionaldigital.com.br\/index.php?rest_route=\/wp\/v2\/posts"}],"about":[{"href":"https:\/\/diarioregionaldigital.com.br\/index.php?rest_route=\/wp\/v2\/types\/post"}],"author":[{"embeddable":true,"href":"https:\/\/diarioregionaldigital.com.br\/index.php?rest_route=\/wp\/v2\/users\/96"}],"replies":[{"embeddable":true,"href":"https:\/\/diarioregionaldigital.com.br\/index.php?rest_route=%2Fwp%2Fv2%2Fcomments&post=168091"}],"version-history":[{"count":0,"href":"https:\/\/diarioregionaldigital.com.br\/index.php?rest_route=\/wp\/v2\/posts\/168091\/revisions"}],"wp:featuredmedia":[{"embeddable":true,"href":"https:\/\/diarioregionaldigital.com.br\/index.php?rest_route=\/wp\/v2\/media\/168092"}],"wp:attachment":[{"href":"https:\/\/diarioregionaldigital.com.br\/index.php?rest_route=%2Fwp%2Fv2%2Fmedia&parent=168091"}],"wp:term":[{"taxonomy":"category","embeddable":true,"href":"https:\/\/diarioregionaldigital.com.br\/index.php?rest_route=%2Fwp%2Fv2%2Fcategories&post=168091"},{"taxonomy":"post_tag","embeddable":true,"href":"https:\/\/diarioregionaldigital.com.br\/index.php?rest_route=%2Fwp%2Fv2%2Ftags&post=168091"}],"curies":[{"name":"wp","href":"https:\/\/api.w.org\/{rel}","templated":true}]}}