{"id":168087,"date":"2020-09-02T13:59:01","date_gmt":"2020-09-02T16:59:01","guid":{"rendered":"https:\/\/diarioregionaldigital.com.br\/?p=168087"},"modified":"2020-09-02T18:22:14","modified_gmt":"2020-09-02T21:22:14","slug":"estrutura-de-predio-interditado-na-avenida-rio-branco-passa-por-obras-de-recuperacao","status":"publish","type":"post","link":"https:\/\/diarioregionaldigital.com.br\/?p=168087","title":{"rendered":"Estrutura de pr\u00e9dio interditado na Avenida Rio Branco passa por obras de recupera\u00e7\u00e3o"},"content":{"rendered":"<p>Teve in\u00edcio nesta quarta-feira (2), as obras de recupera\u00e7\u00e3o da estrutura do edif\u00edcio, localizado na Avenida Rio Branco no Bairro Cruzeiro do Sul (Regi\u00e3o Sul) em Juiz de Fora, o qual foi interditado no domingo (30) por apresentar riscos de desabamento. A princ\u00edpio, o edif\u00edcio apresentou estabilidade suficiente para que os trabalhos fossem iniciados, segundo a empresa respons\u00e1vel. De acordo com o subsecret\u00e1rio de Defesa Civil, Jefferson Rodrigues, os trabalhos de concretagem do pilar danificado j\u00e1 tiveram in\u00edcio:<\/p>\n<p>&#8220;O calculista havia pedido um prazo de dois dias para verificar a evolu\u00e7\u00e3o do problema. Como o monitoramento demonstrou estabilidade da estrutura, n\u00e3o havendo mais altera\u00e7\u00e3o, a obra de refor\u00e7o foi iniciada&#8221;. Em 15 dias, o refor\u00e7o ser\u00e1 conclu\u00eddo e avaliada sua efic\u00e1cia, para estudo do retorno das fam\u00edlias ao im\u00f3vel. Neste per\u00edodo, toda a \u00e1rea interditada segue em isolamento. A edifica\u00e7\u00e3o est\u00e1 em monitoramento 24 horas, para verifica\u00e7\u00e3o de qualquer altera\u00e7\u00e3o. Agentes de trans porte e tr\u00e2nsito e guardas municipais permanecem no local, fazendo o controle de ve\u00edculos nas vias fechadas ao tr\u00e2nsito e protegendo a \u00e1rea.<\/p>\n<p>Dos 20 apartamentos do im\u00f3vel, 14 foram desocupados e os familiares tiveram que deixar o local. Por conta do risco de desabamento, outros 25 im\u00f3veis localizados nas ruas Sarandira e \u00c1gua Limpa no Bairro Santa Luzia, tamb\u00e9m foram interditados, no qual 31 fam\u00edlias foram desalojadas de forma preventiva.<\/p>\n<p>No in\u00edcio da manh\u00e3 de quarta-feira, os representantes de v\u00e1rios setores da Prefeitura de Juiz de Fora (PJF), se reuniram junto aos moradores e uma equipe de engenheiros. Segundo a Defesa Civil, ap\u00f3s vistorias no pr\u00e9dio, foi constatado que um dos pilares estava danificado.<\/p>\n<p>Al\u00e9m disso, a Secretaria de Obras (SO), realizou a abertura do canteiro central nas imedia\u00e7\u00f5es do edif\u00edcio e nesta quinta-feira (3), a Empresa Municipal de Pavimenta\u00e7\u00e3o e Urbaniza\u00e7\u00e3o (Empav) realizar\u00e1 recomposi\u00e7\u00e3o asf\u00e1ltica, possibilitando assim que a Secretaria de Transportes e Tr\u00e2nsito (Settra) modifique a via no sentido bairro\/Centro, tornando-a m\u00e3o dupla.<\/p>\n<p>No final da tarde, as obras foram paralisadas, ap\u00f3s as equipes escutarem um estalo no interior do edif\u00edcio. a Defesa Civil informou que &#8220;visualmente, n\u00e3o foi constatada altera\u00e7\u00e3o&#8221;, mas que &#8220;por medida de seguran\u00e7a, as obras foram suspensas&#8221;. At\u00e9 ent\u00e3o, o cronograma n\u00e3o teve altera\u00e7\u00f5es.<\/p>\n<p><strong>Aux\u00edlio aos moradores<\/strong><\/p>\n<p><strong>\u00a0<\/strong>O Corpo de Bombeiros Militar, tamb\u00e9m esteve presente no local, para ajudar os moradores a retirarem seus ve\u00edculos da garagem e de suprimentos necess\u00e1rios, para os pr\u00f3ximos 15 dias, at\u00e9 que a situa\u00e7\u00e3o esteja normalizada.<\/p>\n<p><strong>Cadastro de pessoas desalojadas<\/strong><\/p>\n<p>Por conta do risco de desmoronamento do pr\u00e9dio, os moradores tiveram de deixar o local. Diante disso, a Defesa Civil abriu o cadastro de pessoas desalojadas. A equipe de assist\u00eancia social do \u00f3rg\u00e3o fez todo o levantamento da situa\u00e7\u00e3o das pessoas que se encontram fora de suas casas, repassando os dados para provid\u00eancias junto ao propriet\u00e1rio do im\u00f3vel.<\/p>\n<p>&nbsp;<\/p>\n<p>&nbsp;<\/p>\n<p>&nbsp;<\/p>\n","protected":false},"excerpt":{"rendered":"<p>Teve in\u00edcio nesta quarta-feira (2), as obras de recupera\u00e7\u00e3o da estrutura do edif\u00edcio, localizado na Avenida Rio Branco no Bairro Cruzeiro do Sul (Regi\u00e3o Sul) em Juiz de Fora, o qual foi interditado no domingo (30) por apresentar riscos de desabamento. A princ\u00edpio, o edif\u00edcio apresentou estabilidade suficiente para que os trabalhos fossem iniciados, segundo [&hellip;]<\/p>\n","protected":false},"author":96,"featured_media":168089,"comment_status":"closed","ping_status":"closed","sticky":false,"template":"","format":"standard","meta":{"footnotes":""},"categories":[253,436,440,439],"tags":[],"class_list":["post-168087","post","type-post","status-publish","format-standard","has-post-thumbnail","hentry","category-cidade","category-destaque-da-semana","category-destaques-do-dia","category-ultima-hora"],"_links":{"self":[{"href":"https:\/\/diarioregionaldigital.com.br\/index.php?rest_route=\/wp\/v2\/posts\/168087","targetHints":{"allow":["GET"]}}],"collection":[{"href":"https:\/\/diarioregionaldigital.com.br\/index.php?rest_route=\/wp\/v2\/posts"}],"about":[{"href":"https:\/\/diarioregionaldigital.com.br\/index.php?rest_route=\/wp\/v2\/types\/post"}],"author":[{"embeddable":true,"href":"https:\/\/diarioregionaldigital.com.br\/index.php?rest_route=\/wp\/v2\/users\/96"}],"replies":[{"embeddable":true,"href":"https:\/\/diarioregionaldigital.com.br\/index.php?rest_route=%2Fwp%2Fv2%2Fcomments&post=168087"}],"version-history":[{"count":0,"href":"https:\/\/diarioregionaldigital.com.br\/index.php?rest_route=\/wp\/v2\/posts\/168087\/revisions"}],"wp:featuredmedia":[{"embeddable":true,"href":"https:\/\/diarioregionaldigital.com.br\/index.php?rest_route=\/wp\/v2\/media\/168089"}],"wp:attachment":[{"href":"https:\/\/diarioregionaldigital.com.br\/index.php?rest_route=%2Fwp%2Fv2%2Fmedia&parent=168087"}],"wp:term":[{"taxonomy":"category","embeddable":true,"href":"https:\/\/diarioregionaldigital.com.br\/index.php?rest_route=%2Fwp%2Fv2%2Fcategories&post=168087"},{"taxonomy":"post_tag","embeddable":true,"href":"https:\/\/diarioregionaldigital.com.br\/index.php?rest_route=%2Fwp%2Fv2%2Ftags&post=168087"}],"curies":[{"name":"wp","href":"https:\/\/api.w.org\/{rel}","templated":true}]}}