{"id":168085,"date":"2020-09-02T13:27:34","date_gmt":"2020-09-02T16:27:34","guid":{"rendered":"https:\/\/diarioregionaldigital.com.br\/?p=168085"},"modified":"2020-09-02T13:27:34","modified_gmt":"2020-09-02T16:27:34","slug":"vitima-e-agredida-durante-assalto-na-avenida-getulio-vargas","status":"publish","type":"post","link":"https:\/\/diarioregionaldigital.com.br\/?p=168085","title":{"rendered":"V\u00edtima \u00e9 agredida durante assalto na Avenida Get\u00falio Vargas"},"content":{"rendered":"<p>Na madrugada desta quarta-feira (2), a Pol\u00edcia Militar (PM) realizava patrulhamento pelo Centro de Juiz de Fora, quando foi alertada por um pedestre, sobre um jovem de 24 anos que estava sendo assaltado por dois indiv\u00edduos, no cruzamento da Rua Floriano Peixoto com a Avenida Get\u00falio Vargas. Em contato com a guarni\u00e7\u00e3o, a v\u00edtima relatou que um dos indiv\u00edduos estava com posse de faca e ambos fizeram amea\u00e7as. Um deles revistou os bolsos do jovem, que veio a cair no ch\u00e3o, sendo agredido logo em seguida. Os policiais realizaram rastreamento, entretanto sem \u00eaxito.<\/p>\n","protected":false},"excerpt":{"rendered":"<p>Na madrugada desta quarta-feira (2), a Pol\u00edcia Militar (PM) realizava patrulhamento pelo Centro de Juiz de Fora, quando foi alertada por um pedestre, sobre um jovem de 24 anos que estava sendo assaltado por dois indiv\u00edduos, no cruzamento da Rua Floriano Peixoto com a Avenida Get\u00falio Vargas. Em contato com a guarni\u00e7\u00e3o, a v\u00edtima relatou [&hellip;]<\/p>\n","protected":false},"author":96,"featured_media":165308,"comment_status":"closed","ping_status":"closed","sticky":false,"template":"","format":"standard","meta":{"footnotes":""},"categories":[301,436,439],"tags":[],"class_list":["post-168085","post","type-post","status-publish","format-standard","has-post-thumbnail","hentry","category-artigos-policiais","category-destaque-da-semana","category-ultima-hora"],"_links":{"self":[{"href":"https:\/\/diarioregionaldigital.com.br\/index.php?rest_route=\/wp\/v2\/posts\/168085","targetHints":{"allow":["GET"]}}],"collection":[{"href":"https:\/\/diarioregionaldigital.com.br\/index.php?rest_route=\/wp\/v2\/posts"}],"about":[{"href":"https:\/\/diarioregionaldigital.com.br\/index.php?rest_route=\/wp\/v2\/types\/post"}],"author":[{"embeddable":true,"href":"https:\/\/diarioregionaldigital.com.br\/index.php?rest_route=\/wp\/v2\/users\/96"}],"replies":[{"embeddable":true,"href":"https:\/\/diarioregionaldigital.com.br\/index.php?rest_route=%2Fwp%2Fv2%2Fcomments&post=168085"}],"version-history":[{"count":0,"href":"https:\/\/diarioregionaldigital.com.br\/index.php?rest_route=\/wp\/v2\/posts\/168085\/revisions"}],"wp:featuredmedia":[{"embeddable":true,"href":"https:\/\/diarioregionaldigital.com.br\/index.php?rest_route=\/wp\/v2\/media\/165308"}],"wp:attachment":[{"href":"https:\/\/diarioregionaldigital.com.br\/index.php?rest_route=%2Fwp%2Fv2%2Fmedia&parent=168085"}],"wp:term":[{"taxonomy":"category","embeddable":true,"href":"https:\/\/diarioregionaldigital.com.br\/index.php?rest_route=%2Fwp%2Fv2%2Fcategories&post=168085"},{"taxonomy":"post_tag","embeddable":true,"href":"https:\/\/diarioregionaldigital.com.br\/index.php?rest_route=%2Fwp%2Fv2%2Ftags&post=168085"}],"curies":[{"name":"wp","href":"https:\/\/api.w.org\/{rel}","templated":true}]}}