{"id":168082,"date":"2020-09-02T11:10:28","date_gmt":"2020-09-02T14:10:28","guid":{"rendered":"https:\/\/diarioregionaldigital.com.br\/?p=168082"},"modified":"2020-09-02T13:43:17","modified_gmt":"2020-09-02T16:43:17","slug":"jovem-e-morto-a-tiros-no-bairro-parque-guarani","status":"publish","type":"post","link":"https:\/\/diarioregionaldigital.com.br\/?p=168082","title":{"rendered":"Jovem \u00e9 morto a tiros no Bairro Parque Guarani"},"content":{"rendered":"<p>Um jovem de 21 anos, morreu na noite de ter\u00e7a-feira (1), ap\u00f3s ser alvejado por disparos de arma de fogo, no Bairro Parque Guarani (Regi\u00e3o Nordeste) em Juiz de Fora. Ap\u00f3s o ato, a Pol\u00edcia Militar (PM) foi acionada e ao chegar no local, encontrou a v\u00edtima ca\u00edda no ch\u00e3o da cozinha de sua resid\u00eancia, com uma perfura\u00e7\u00e3o no t\u00f3rax. Testemunhas relataram que os poss\u00edveis autores dos disparos seriam um adolescente de 17 anos e dois indiv\u00edduos de 19 e 26 anos respectivamente.<\/p>\n<p>Conforme relatos a v\u00edtima transitava pela Rua Vicente de Moura e notou que os infratores ficaram observando. Logo em seguida, a mesma teria questionado a seguinte frase \u201ct\u00e1 me olhando por qu\u00ea?\u201d. Neste momento, um dos autores mostrou um rev\u00f3lver prateado para o rapaz, que saiu correndo. Instantes depois, os familiares ouviram v\u00e1rios disparos de arma de fogo pr\u00f3ximo \u00e0 resid\u00eancia, visualizando a v\u00edtima cair no ch\u00e3o da cozinha. Durante conversas com a guarni\u00e7\u00e3o, os parentes do rapaz contam que o mesmo era usu\u00e1rio de drogas e que constantemente se desentendia com os autores.<\/p>\n<p>O Samu compareceu ao local e constatou o \u00f3bito. A per\u00edcia tamb\u00e9m esteve presente, para realizar os trabalhos de praxe e foram recolhidas 12 c\u00e1psulas de pistola calibre 380. Os policiais realizaram rastreamento, por\u00e9m n\u00e3o localizaram os suspeitos.<\/p>\n","protected":false},"excerpt":{"rendered":"<p>Um jovem de 21 anos, morreu na noite de ter\u00e7a-feira (1), ap\u00f3s ser alvejado por disparos de arma de fogo, no Bairro Parque Guarani (Regi\u00e3o Nordeste) em Juiz de Fora. Ap\u00f3s o ato, a Pol\u00edcia Militar (PM) foi acionada e ao chegar no local, encontrou a v\u00edtima ca\u00edda no ch\u00e3o da cozinha de sua resid\u00eancia, [&hellip;]<\/p>\n","protected":false},"author":96,"featured_media":165308,"comment_status":"closed","ping_status":"closed","sticky":false,"template":"","format":"standard","meta":{"footnotes":""},"categories":[301,436,440,439],"tags":[],"class_list":["post-168082","post","type-post","status-publish","format-standard","has-post-thumbnail","hentry","category-artigos-policiais","category-destaque-da-semana","category-destaques-do-dia","category-ultima-hora"],"_links":{"self":[{"href":"https:\/\/diarioregionaldigital.com.br\/index.php?rest_route=\/wp\/v2\/posts\/168082","targetHints":{"allow":["GET"]}}],"collection":[{"href":"https:\/\/diarioregionaldigital.com.br\/index.php?rest_route=\/wp\/v2\/posts"}],"about":[{"href":"https:\/\/diarioregionaldigital.com.br\/index.php?rest_route=\/wp\/v2\/types\/post"}],"author":[{"embeddable":true,"href":"https:\/\/diarioregionaldigital.com.br\/index.php?rest_route=\/wp\/v2\/users\/96"}],"replies":[{"embeddable":true,"href":"https:\/\/diarioregionaldigital.com.br\/index.php?rest_route=%2Fwp%2Fv2%2Fcomments&post=168082"}],"version-history":[{"count":0,"href":"https:\/\/diarioregionaldigital.com.br\/index.php?rest_route=\/wp\/v2\/posts\/168082\/revisions"}],"wp:featuredmedia":[{"embeddable":true,"href":"https:\/\/diarioregionaldigital.com.br\/index.php?rest_route=\/wp\/v2\/media\/165308"}],"wp:attachment":[{"href":"https:\/\/diarioregionaldigital.com.br\/index.php?rest_route=%2Fwp%2Fv2%2Fmedia&parent=168082"}],"wp:term":[{"taxonomy":"category","embeddable":true,"href":"https:\/\/diarioregionaldigital.com.br\/index.php?rest_route=%2Fwp%2Fv2%2Fcategories&post=168082"},{"taxonomy":"post_tag","embeddable":true,"href":"https:\/\/diarioregionaldigital.com.br\/index.php?rest_route=%2Fwp%2Fv2%2Ftags&post=168082"}],"curies":[{"name":"wp","href":"https:\/\/api.w.org\/{rel}","templated":true}]}}