{"id":168079,"date":"2020-09-02T10:53:54","date_gmt":"2020-09-02T13:53:54","guid":{"rendered":"https:\/\/diarioregionaldigital.com.br\/?p=168079"},"modified":"2020-09-02T10:53:54","modified_gmt":"2020-09-02T13:53:54","slug":"inflacao-na-saida-das-fabricas-chega-a-322-em-julho-diz-ibge","status":"publish","type":"post","link":"https:\/\/diarioregionaldigital.com.br\/?p=168079","title":{"rendered":"Infla\u00e7\u00e3o na sa\u00edda das f\u00e1bricas chega a 3,22% em julho, diz IBGE"},"content":{"rendered":"<p><span style=\"font-weight: 400;\">O \u00cdndice de Pre\u00e7os ao Produtor (IPP), que mede a varia\u00e7\u00e3o de pre\u00e7os de produtos na sa\u00edda das f\u00e1bricas brasileiras, registrou infla\u00e7\u00e3o de 3,22% em julho deste ano. Essa \u00e9 a maior taxa de infla\u00e7\u00e3o mensal registrada desde o in\u00edcio da pesquisa do Instituto Brasileiro de Geografia e Estat\u00edstica (IBGE), em 2014.<\/span><\/p>\n<p><span style=\"font-weight: 400;\">Em junho deste ano, a taxa havia ficado em 0,60%. Em julho do ano passado, foi registrada defla\u00e7\u00e3o (queda de pre\u00e7os) de 1,20%. O IPP acumula taxas de 7,28% no ano e de 11,13% em 12 meses.<\/span><\/p>\n<p><span style=\"font-weight: 400;\">Em julho, 21 das 24 atividades pesquisadas pelo IBGE tiveram altas de pre\u00e7os, com destaques para alimentos (3,69%), refino de petr\u00f3leo e produtos de \u00e1lcool (11,65%) e ind\u00fastrias extrativas (14,46%).<\/span><\/p>\n<p><span style=\"font-weight: 400;\">\u201cNos alimentos, os fatores foram o c\u00e2mbio, com deprecia\u00e7\u00e3o do real, e especificamente alguns detalhes. No caso do a\u00e7\u00facar, houve uma demanda externa. No caso da carne de frango, uma maior demanda interna conjugada com aumento do custo tanto do milho quanto do farelo de soja. No caso dos derivados de soja, houve uma demanda maior pelo \u00f3leo de soja como mat\u00e9ria-prima em biocombust\u00edveis\u201d, disse o pesquisador do IBGE Alexandre Brand\u00e3o.<\/span><\/p>\n<p><span style=\"font-weight: 400;\">Por outro lado, tr\u00eas atividades tiveram queda de pre\u00e7os (defla\u00e7\u00e3o) no m\u00eas: cal\u00e7ados e couro (-0,94%), t\u00eaxteis (-0,45%) e m\u00e1quinas e equipamentos (-0,10%).<\/span><\/p>\n<p><span style=\"font-weight: 400;\">Analisando-se as quatro grandes categorias econ\u00f4micas da ind\u00fastria, a maior alta de pre\u00e7os em julho foi observada nos bens intermedi\u00e1rios, isto \u00e9, os insumos industrializados usados no setor produtivo (4,19%). Os demais segmentos tiveram as seguintes taxas de infla\u00e7\u00e3o: bens de capital, isto \u00e9, as m\u00e1quinas e equipamentos usados no setor produtivo (1,34%), bens de consumo semi e n\u00e3o dur\u00e1veis (2,52%) e bens de consumo dur\u00e1veis (0,97%).<\/span><\/p>\n<p><strong>Fonte:<\/strong> Ag\u00eancia Brasil<\/p>\n","protected":false},"excerpt":{"rendered":"<p>O \u00cdndice de Pre\u00e7os ao Produtor (IPP), que mede a varia\u00e7\u00e3o de pre\u00e7os de produtos na sa\u00edda das f\u00e1bricas brasileiras, registrou infla\u00e7\u00e3o de 3,22% em julho deste ano. Essa \u00e9 a maior taxa de infla\u00e7\u00e3o mensal registrada desde o in\u00edcio da pesquisa do Instituto Brasileiro de Geografia e Estat\u00edstica (IBGE), em 2014. Em junho deste [&hellip;]<\/p>\n","protected":false},"author":96,"featured_media":168080,"comment_status":"closed","ping_status":"closed","sticky":false,"template":"","format":"standard","meta":{"footnotes":""},"categories":[436,261,439],"tags":[],"class_list":["post-168079","post","type-post","status-publish","format-standard","has-post-thumbnail","hentry","category-destaque-da-semana","category-economia","category-ultima-hora"],"_links":{"self":[{"href":"https:\/\/diarioregionaldigital.com.br\/index.php?rest_route=\/wp\/v2\/posts\/168079","targetHints":{"allow":["GET"]}}],"collection":[{"href":"https:\/\/diarioregionaldigital.com.br\/index.php?rest_route=\/wp\/v2\/posts"}],"about":[{"href":"https:\/\/diarioregionaldigital.com.br\/index.php?rest_route=\/wp\/v2\/types\/post"}],"author":[{"embeddable":true,"href":"https:\/\/diarioregionaldigital.com.br\/index.php?rest_route=\/wp\/v2\/users\/96"}],"replies":[{"embeddable":true,"href":"https:\/\/diarioregionaldigital.com.br\/index.php?rest_route=%2Fwp%2Fv2%2Fcomments&post=168079"}],"version-history":[{"count":0,"href":"https:\/\/diarioregionaldigital.com.br\/index.php?rest_route=\/wp\/v2\/posts\/168079\/revisions"}],"wp:featuredmedia":[{"embeddable":true,"href":"https:\/\/diarioregionaldigital.com.br\/index.php?rest_route=\/wp\/v2\/media\/168080"}],"wp:attachment":[{"href":"https:\/\/diarioregionaldigital.com.br\/index.php?rest_route=%2Fwp%2Fv2%2Fmedia&parent=168079"}],"wp:term":[{"taxonomy":"category","embeddable":true,"href":"https:\/\/diarioregionaldigital.com.br\/index.php?rest_route=%2Fwp%2Fv2%2Fcategories&post=168079"},{"taxonomy":"post_tag","embeddable":true,"href":"https:\/\/diarioregionaldigital.com.br\/index.php?rest_route=%2Fwp%2Fv2%2Ftags&post=168079"}],"curies":[{"name":"wp","href":"https:\/\/api.w.org\/{rel}","templated":true}]}}