{"id":168072,"date":"2020-09-02T10:42:12","date_gmt":"2020-09-02T13:42:12","guid":{"rendered":"https:\/\/diarioregionaldigital.com.br\/?p=168072"},"modified":"2020-09-02T10:42:12","modified_gmt":"2020-09-02T13:42:12","slug":"caixa-paga-hoje-auxilio-emergencial-para-nascidos-em-fevereiro","status":"publish","type":"post","link":"https:\/\/diarioregionaldigital.com.br\/?p=168072","title":{"rendered":"Caixa paga hoje aux\u00edlio emergencial para nascidos em fevereiro"},"content":{"rendered":"<p>A Caixa segue hoje (2) com o ciclo 2 de pagamentos das parcelas do aux\u00edlio emergencial. Os cr\u00e9ditos come\u00e7am pelos benefici\u00e1rios nascidos em janeiro, no dia 28 de agosto, e hoje ser\u00e1 liberado o pagamento para cerca de 3,5 milh\u00f5es nascidos em fevereiro. O segundo ciclo de pagamentos vai at\u00e9 27 de outubro.<img decoding=\"async\" src=\"https:\/\/agenciabrasil.ebc.com.br\/ebc.png?id=1386770&amp;o=node\" \/><img decoding=\"async\" src=\"https:\/\/agenciabrasil.ebc.com.br\/ebc.gif?id=1386770&amp;o=node\" \/><\/p>\n<p>Neste ciclo, mais tr\u00eas p\u00fablicos foram inclu\u00eddos: trabalhadores que fizeram o cadastro nas ag\u00eancias dos Correios entre 2 de junho e 8 de julho; trabalhadores que fizeram a contesta\u00e7\u00e3o pelo site da Caixa ou App Caixa Aux\u00edlio Emergencial de 3 de julho a 16 de agosto e foram considerados eleg\u00edveis; benefici\u00e1rios que tenham recebido a primeira parcela em meses anteriores, mas que tiveram o benef\u00edcio reavaliado em agosto. No caso das reavalia\u00e7\u00f5es, o benef\u00edcio foi liberado novamente para 148 mil pessoas.<\/p>\n<p>Os recursos podem ser movimentados por meio do aplicativo Caixa Tem. Com ele \u00e9 poss\u00edvel pagar boletos e fazer compras na internet e nas maquininhas em mais de 1 milh\u00e3o de estabelecimentos comerciais.<\/p>\n<p>O calend\u00e1rio de pagamentos do aux\u00edlio emergencial \u00e9 organizado em ciclos de cr\u00e9dito em conta Poupan\u00e7a Social Digital e de saque em esp\u00e9cie. Os benefici\u00e1rios recebem a parcela a que t\u00eam direito no per\u00edodo de acordo com o m\u00eas de nascimento. Para os benefici\u00e1rios nascidos em fevereiro, os saques e transfer\u00eancias ser\u00e3o liberados no dia 22 de setembro.<\/p>\n<p>Aqueles que tiveram os pagamentos retidos v\u00e3o receber todas as parcelas a que t\u00eam direito de uma s\u00f3 vez, dentro do Ciclo 2. J\u00e1 os trabalhadores que optaram por realizar o cadastro nos Correios e aqueles que contestaram v\u00e3o receber a primeira parcela dentro do Ciclo 2. As parcelas P2 e P3 ser\u00e3o pagas no Ciclo 3 e as parcelas P4 e P5, no Ciclo 4.<\/p>\n<p><strong>Confira os calend\u00e1rios de cr\u00e9dito na poupan\u00e7a social e de saques:<\/strong><\/p>\n<table border=\"0\" width=\"0\" cellspacing=\"0\" cellpadding=\"0\">\n<tbody>\n<tr>\n<td colspan=\"6\">\n<p align=\"center\"><strong>Calend\u00e1rio de pagamentos \u2013 Ciclo 2<\/strong><\/p>\n<p align=\"center\"><strong>Cr\u00e9dito em poupan\u00e7a social da Caixa<\/strong><\/p>\n<\/td>\n<\/tr>\n<tr>\n<td>28 de agosto<\/p>\n<p>(sexta-feira)<\/td>\n<td>2 de setembro<\/p>\n<p>(quarta-feira)<\/td>\n<td>4 de setembro<\/p>\n<p>(sexta-feira)<\/td>\n<td>9 de setembro<\/p>\n<p>(quarta-feira)<\/td>\n<td>11 de setembro<\/p>\n<p>(sexta-feira)<\/td>\n<td>16 de setembro<\/p>\n<p>(quarta-feira)<\/td>\n<\/tr>\n<tr>\n<td>Nascidos em janeiro<\/td>\n<td>Nascidos em fevereiro<\/td>\n<td>Nascidos em mar\u00e7o<\/td>\n<td>Nascidos em abril<\/td>\n<td>Nascidos em maio<\/td>\n<td>Nascidos em junho<\/td>\n<\/tr>\n<tr>\n<td colspan=\"6\"><\/td>\n<\/tr>\n<tr>\n<td>18 de setembro<\/p>\n<p>(sexta-feira)<\/td>\n<td>23 de setembro<\/p>\n<p>(quarta-feira)<\/td>\n<td>25 de setembro<\/p>\n<p>(sexta-feira)<\/td>\n<td>28 de setembro<\/p>\n<p>(segunda-feira)<\/td>\n<td>30 de setembro<\/p>\n<p>(sexta-feira)<\/td>\n<td rowspan=\"2\"><\/td>\n<\/tr>\n<tr>\n<td>Nascidos em julho<\/td>\n<td>Nascidos em agosto<\/td>\n<td>Nascidos em setembro<\/td>\n<td>Nascidos em outubro e novembro<\/td>\n<td>Nascidos em dezembro<\/td>\n<\/tr>\n<\/tbody>\n<\/table>\n<p>Fonte: Caixa Econ\u00f4mica Federal<\/p>\n<table border=\"0\" width=\"0\" cellspacing=\"0\" cellpadding=\"0\">\n<tbody>\n<tr>\n<td colspan=\"6\">\n<p align=\"center\"><strong>Calend\u00e1rio de saques em dinheiro e transfer\u00eancias \u2013 Ciclo 2<\/strong><\/p>\n<\/td>\n<\/tr>\n<tr>\n<td>19 de setembro<\/p>\n<p>(s\u00e1bado)<\/td>\n<td>22 de setembro<\/p>\n<p>(ter\u00e7a-feira)<\/td>\n<td>29 de setembro<\/p>\n<p>(ter\u00e7a-feira)<\/td>\n<td>1\u00ba de outubro<\/p>\n<p>(quinta-feira)<\/td>\n<td>3 de outubro<\/p>\n<p>(s\u00e1bado)<\/td>\n<td>6 de outubro<\/p>\n<p>(ter\u00e7a-feira)<\/td>\n<\/tr>\n<tr>\n<td>Nascidos em janeiro<\/td>\n<td>Nascidos em fevereiro<\/td>\n<td>Nascidos em mar\u00e7o<\/td>\n<td>Nascidos em abril<\/td>\n<td>Nascidos em maio<\/td>\n<td>Nascidos em junho<\/td>\n<\/tr>\n<tr>\n<td colspan=\"6\"><\/td>\n<\/tr>\n<tr>\n<td>8 de outubro<\/p>\n<p>(quinta-feira)<\/td>\n<td>13 outubro<\/p>\n<p>(ter\u00e7a-feira)<\/td>\n<td>15 de outubro<\/p>\n<p>(quinta-feira)<\/td>\n<td>20 de outubro<\/p>\n<p>(ter\u00e7a-feira)<\/td>\n<td>22 de outubro<\/p>\n<p>(quinta-feira)<\/td>\n<td>27 de outubro<\/p>\n<p>(ter\u00e7a-feira)<\/td>\n<\/tr>\n<tr>\n<td>Nascidos em julho<\/td>\n<td>Nascidos em agosto<\/td>\n<td>Nascidos em setembro<\/td>\n<td>Nascidos em outubro<\/td>\n<td>Nascidos em novembro<\/td>\n<td>Nascidos em dezembro<\/td>\n<\/tr>\n<\/tbody>\n<\/table>\n<p>&nbsp;<\/p>\n<p><strong>Fonte:\u00a0<\/strong>Ag\u00eancia Brasil<\/p>\n","protected":false},"excerpt":{"rendered":"<p>A Caixa segue hoje (2) com o ciclo 2 de pagamentos das parcelas do aux\u00edlio emergencial. Os cr\u00e9ditos come\u00e7am pelos benefici\u00e1rios nascidos em janeiro, no dia 28 de agosto, e hoje ser\u00e1 liberado o pagamento para cerca de 3,5 milh\u00f5es nascidos em fevereiro. O segundo ciclo de pagamentos vai at\u00e9 27 de outubro. Neste ciclo, [&hellip;]<\/p>\n","protected":false},"author":96,"featured_media":168073,"comment_status":"closed","ping_status":"closed","sticky":false,"template":"","format":"standard","meta":{"footnotes":""},"categories":[436,261,439],"tags":[],"class_list":["post-168072","post","type-post","status-publish","format-standard","has-post-thumbnail","hentry","category-destaque-da-semana","category-economia","category-ultima-hora"],"_links":{"self":[{"href":"https:\/\/diarioregionaldigital.com.br\/index.php?rest_route=\/wp\/v2\/posts\/168072","targetHints":{"allow":["GET"]}}],"collection":[{"href":"https:\/\/diarioregionaldigital.com.br\/index.php?rest_route=\/wp\/v2\/posts"}],"about":[{"href":"https:\/\/diarioregionaldigital.com.br\/index.php?rest_route=\/wp\/v2\/types\/post"}],"author":[{"embeddable":true,"href":"https:\/\/diarioregionaldigital.com.br\/index.php?rest_route=\/wp\/v2\/users\/96"}],"replies":[{"embeddable":true,"href":"https:\/\/diarioregionaldigital.com.br\/index.php?rest_route=%2Fwp%2Fv2%2Fcomments&post=168072"}],"version-history":[{"count":0,"href":"https:\/\/diarioregionaldigital.com.br\/index.php?rest_route=\/wp\/v2\/posts\/168072\/revisions"}],"wp:featuredmedia":[{"embeddable":true,"href":"https:\/\/diarioregionaldigital.com.br\/index.php?rest_route=\/wp\/v2\/media\/168073"}],"wp:attachment":[{"href":"https:\/\/diarioregionaldigital.com.br\/index.php?rest_route=%2Fwp%2Fv2%2Fmedia&parent=168072"}],"wp:term":[{"taxonomy":"category","embeddable":true,"href":"https:\/\/diarioregionaldigital.com.br\/index.php?rest_route=%2Fwp%2Fv2%2Fcategories&post=168072"},{"taxonomy":"post_tag","embeddable":true,"href":"https:\/\/diarioregionaldigital.com.br\/index.php?rest_route=%2Fwp%2Fv2%2Ftags&post=168072"}],"curies":[{"name":"wp","href":"https:\/\/api.w.org\/{rel}","templated":true}]}}