{"id":168069,"date":"2020-09-02T10:39:26","date_gmt":"2020-09-02T13:39:26","guid":{"rendered":"https:\/\/diarioregionaldigital.com.br\/?p=168069"},"modified":"2020-09-02T10:39:26","modified_gmt":"2020-09-02T13:39:26","slug":"anvisa-suspende-retencao-de-receita-para-ivermectina-e-nitazoxanida","status":"publish","type":"post","link":"https:\/\/diarioregionaldigital.com.br\/?p=168069","title":{"rendered":"Anvisa suspende reten\u00e7\u00e3o de receita para Ivermectina e Nitazoxanida"},"content":{"rendered":"<p>A Diretoria Colegiada da Ag\u00eancia Nacional de Vigil\u00e2ncia Sanit\u00e1ria (Anvisa) revisou, durante reuni\u00e3o realizada nessa ter\u00e7a-feira (1\u00ba), a exig\u00eancia de reten\u00e7\u00e3o de receita para os medicamentos Ivermectina e Nitazoxanida. \u00a0<img decoding=\"async\" src=\"https:\/\/agenciabrasil.ebc.com.br\/ebc.png?id=1386761&amp;o=node\" \/><img decoding=\"async\" src=\"https:\/\/agenciabrasil.ebc.com.br\/ebc.gif?id=1386761&amp;o=node\" \/><\/p>\n<p>\u201cNeste contexto, verificou-se que os medicamentos Ivermectina e Nitazoxanida, no momento, n\u00e3o se encontram sob amea\u00e7a de desabastecimento de mercado. A altera\u00e7\u00e3o foi adotada visando garantir o acesso da popula\u00e7\u00e3o ao tratamento de verminoses e parasitoses bastante conhecidas e bem significativas&#8221;, diz a Ag\u00eancia.<\/p>\n<p>De acordo com a Anvisa, a medida faz parte do monitoramento de subst\u00e2ncias sujeitas a controle em virtude da emerg\u00eancia de sa\u00fade p\u00fablica em fun\u00e7\u00e3o da pandemia relacionada ao novo coronav\u00edrus (covid-19).<\/p>\n<p>\u201cA decis\u00e3o considera ainda que os dois medicamentos j\u00e1 s\u00e3o de prescri\u00e7\u00e3o m\u00e9dica e n\u00e3o v\u00eam sendo utilizados em doen\u00e7as e pacientes cr\u00f4nicos\u201d. A medida come\u00e7a a valer a partir da publica\u00e7\u00e3o no\u00a0<em>Di\u00e1rio Oficial da Uni\u00e3o<\/em>.<\/p>\n<p><strong>Fonte:\u00a0<\/strong>Ag\u00eancia Brasil<\/p>\n","protected":false},"excerpt":{"rendered":"<p>A Diretoria Colegiada da Ag\u00eancia Nacional de Vigil\u00e2ncia Sanit\u00e1ria (Anvisa) revisou, durante reuni\u00e3o realizada nessa ter\u00e7a-feira (1\u00ba), a exig\u00eancia de reten\u00e7\u00e3o de receita para os medicamentos Ivermectina e Nitazoxanida. \u00a0 \u201cNeste contexto, verificou-se que os medicamentos Ivermectina e Nitazoxanida, no momento, n\u00e3o se encontram sob amea\u00e7a de desabastecimento de mercado. A altera\u00e7\u00e3o foi adotada visando [&hellip;]<\/p>\n","protected":false},"author":96,"featured_media":168070,"comment_status":"closed","ping_status":"closed","sticky":false,"template":"","format":"standard","meta":{"footnotes":""},"categories":[302,436,439],"tags":[],"class_list":["post-168069","post","type-post","status-publish","format-standard","has-post-thumbnail","hentry","category-brasil-mundo","category-destaque-da-semana","category-ultima-hora"],"_links":{"self":[{"href":"https:\/\/diarioregionaldigital.com.br\/index.php?rest_route=\/wp\/v2\/posts\/168069","targetHints":{"allow":["GET"]}}],"collection":[{"href":"https:\/\/diarioregionaldigital.com.br\/index.php?rest_route=\/wp\/v2\/posts"}],"about":[{"href":"https:\/\/diarioregionaldigital.com.br\/index.php?rest_route=\/wp\/v2\/types\/post"}],"author":[{"embeddable":true,"href":"https:\/\/diarioregionaldigital.com.br\/index.php?rest_route=\/wp\/v2\/users\/96"}],"replies":[{"embeddable":true,"href":"https:\/\/diarioregionaldigital.com.br\/index.php?rest_route=%2Fwp%2Fv2%2Fcomments&post=168069"}],"version-history":[{"count":0,"href":"https:\/\/diarioregionaldigital.com.br\/index.php?rest_route=\/wp\/v2\/posts\/168069\/revisions"}],"wp:featuredmedia":[{"embeddable":true,"href":"https:\/\/diarioregionaldigital.com.br\/index.php?rest_route=\/wp\/v2\/media\/168070"}],"wp:attachment":[{"href":"https:\/\/diarioregionaldigital.com.br\/index.php?rest_route=%2Fwp%2Fv2%2Fmedia&parent=168069"}],"wp:term":[{"taxonomy":"category","embeddable":true,"href":"https:\/\/diarioregionaldigital.com.br\/index.php?rest_route=%2Fwp%2Fv2%2Fcategories&post=168069"},{"taxonomy":"post_tag","embeddable":true,"href":"https:\/\/diarioregionaldigital.com.br\/index.php?rest_route=%2Fwp%2Fv2%2Ftags&post=168069"}],"curies":[{"name":"wp","href":"https:\/\/api.w.org\/{rel}","templated":true}]}}