{"id":168061,"date":"2020-09-02T10:20:00","date_gmt":"2020-09-02T13:20:00","guid":{"rendered":"https:\/\/diarioregionaldigital.com.br\/?p=168061"},"modified":"2020-09-02T10:20:00","modified_gmt":"2020-09-02T13:20:00","slug":"minas-gerais-tem-aumento-de-mais-de-3-mil-novos-casos-por-coronavirus","status":"publish","type":"post","link":"https:\/\/diarioregionaldigital.com.br\/?p=168061","title":{"rendered":"Minas Gerais tem aumento de mais de 3 mil novos casos por Coronav\u00edrus"},"content":{"rendered":"<p>O estado de Minas Gerais, obteve 3.267 novos casos confirmados por Coronav\u00edrus, conforme o novo <a href=\"https:\/\/www.saude.mg.gov.br\/images\/noticias_e_eventos\/000_2020\/Boletim-Epidemiologico_COVID-19_02.09.2020.pdf\">boletim epidemiol\u00f3gico<\/a> divulgado nesta quarta-feira (2), pela Secretaria de Estado da Sa\u00fade (SES-MG). Diante disso, j\u00e1 s\u00e3o 222.048 casos acumulados. At\u00e9 ent\u00e3o, foram confirmados mais 141 \u00f3bitos, totalizando 5.505 mortes. O boletim diz que 3.133 v\u00edtimas s\u00e3o do sexo masculino e 2.372 s\u00e3o do feminino. O levantamento indica que 185.270 pacientes est\u00e3o recuperados da doen\u00e7a, representando 83,4% dos casos.<\/p>\n<p>De acordo com os dados, 31.273 fazem acompanhamento m\u00e9dico. At\u00e9 ent\u00e3o foram feitos 110.987 testes laboratoriais, sendo que 28.301 deram positivo, 79.342 deram negativo e 1.133 est\u00e3o sob an\u00e1lise. Quanto aos dados de hospitaliza\u00e7\u00e3o, 22.849 pacientes infectados est\u00e3o internados em hospitais e 199.199 fazem isolamento domiciliar.<\/p>\n","protected":false},"excerpt":{"rendered":"<p>O estado de Minas Gerais, obteve 3.267 novos casos confirmados por Coronav\u00edrus, conforme o novo boletim epidemiol\u00f3gico divulgado nesta quarta-feira (2), pela Secretaria de Estado da Sa\u00fade (SES-MG). Diante disso, j\u00e1 s\u00e3o 222.048 casos acumulados. At\u00e9 ent\u00e3o, foram confirmados mais 141 \u00f3bitos, totalizando 5.505 mortes. O boletim diz que 3.133 v\u00edtimas s\u00e3o do sexo masculino [&hellip;]<\/p>\n","protected":false},"author":96,"featured_media":165832,"comment_status":"closed","ping_status":"closed","sticky":false,"template":"","format":"standard","meta":{"footnotes":""},"categories":[436,440,252,439],"tags":[],"class_list":["post-168061","post","type-post","status-publish","format-standard","has-post-thumbnail","hentry","category-destaque-da-semana","category-destaques-do-dia","category-regiao","category-ultima-hora"],"_links":{"self":[{"href":"https:\/\/diarioregionaldigital.com.br\/index.php?rest_route=\/wp\/v2\/posts\/168061","targetHints":{"allow":["GET"]}}],"collection":[{"href":"https:\/\/diarioregionaldigital.com.br\/index.php?rest_route=\/wp\/v2\/posts"}],"about":[{"href":"https:\/\/diarioregionaldigital.com.br\/index.php?rest_route=\/wp\/v2\/types\/post"}],"author":[{"embeddable":true,"href":"https:\/\/diarioregionaldigital.com.br\/index.php?rest_route=\/wp\/v2\/users\/96"}],"replies":[{"embeddable":true,"href":"https:\/\/diarioregionaldigital.com.br\/index.php?rest_route=%2Fwp%2Fv2%2Fcomments&post=168061"}],"version-history":[{"count":0,"href":"https:\/\/diarioregionaldigital.com.br\/index.php?rest_route=\/wp\/v2\/posts\/168061\/revisions"}],"wp:featuredmedia":[{"embeddable":true,"href":"https:\/\/diarioregionaldigital.com.br\/index.php?rest_route=\/wp\/v2\/media\/165832"}],"wp:attachment":[{"href":"https:\/\/diarioregionaldigital.com.br\/index.php?rest_route=%2Fwp%2Fv2%2Fmedia&parent=168061"}],"wp:term":[{"taxonomy":"category","embeddable":true,"href":"https:\/\/diarioregionaldigital.com.br\/index.php?rest_route=%2Fwp%2Fv2%2Fcategories&post=168061"},{"taxonomy":"post_tag","embeddable":true,"href":"https:\/\/diarioregionaldigital.com.br\/index.php?rest_route=%2Fwp%2Fv2%2Ftags&post=168061"}],"curies":[{"name":"wp","href":"https:\/\/api.w.org\/{rel}","templated":true}]}}