{"id":168055,"date":"2020-09-02T06:00:56","date_gmt":"2020-09-02T09:00:56","guid":{"rendered":"https:\/\/diarioregionaldigital.com.br\/?p=168055"},"modified":"2020-09-01T23:47:37","modified_gmt":"2020-09-02T02:47:37","slug":"prefeitura-municipal-de-tocantins-processo-no062-02-09-2020","status":"publish","type":"post","link":"https:\/\/diarioregionaldigital.com.br\/?p=168055","title":{"rendered":"Prefeitura Municipal de Tocantins &#8211; Processo n\u00ba062 &#8211; 02\/09\/2020"},"content":{"rendered":"<p style=\"text-align: center;\"><strong>PREFEITURA MUNICIPAL DE TOCANTINS\/MG<\/strong><\/p>\n<p style=\"text-align: center;\"><strong>DESPACHO<\/strong><\/p>\n<p style=\"text-align: center;\"><strong>Processo n\u00b0062\/2020<\/strong><\/p>\n<p style=\"text-align: center;\"><strong>Chamada P\u00fablica N\u00b0005\/2020<\/strong><\/p>\n<p style=\"text-align: center;\">A Comiss\u00e3o Permanente de Licita\u00e7\u00e3o analisando a cota\u00e7\u00e3o dos produtos licitados, verificou que os itens 012- cebolinha e 032 &#8211; salsa, cotados pela empresa DEBORAH DE SOUZA 13164788665 \u2013CNPJ 29.955.537\/0001-97, n\u00e3o deixou claro a unidade de medida usada para base de c\u00e1lculo da m\u00e9dia. Por esse motivo ser\u00e1 feito uma nova pesquisa de pre\u00e7o desses itens e anexado ao processo para prosseguimento do certame.<\/p>\n<p style=\"text-align: center;\">Tocantins, \u00a028 de agosto de 2020.<strong>\u00a0<\/strong>Ana L\u00facia Rodrigues \u2013 PRESIDENTE COMISS\u00c3O, Luiz Fernando Barbosa da Silva \u2013 MEMBRO, L\u00edlian Rodrigues Marangon da Silva \u2013 MEMBRO, Neliana Dutra Marliere Laurindo \u2013 SUPLENTE<\/p>\n","protected":false},"excerpt":{"rendered":"<p>PREFEITURA MUNICIPAL DE TOCANTINS\/MG DESPACHO Processo n\u00b0062\/2020 Chamada P\u00fablica N\u00b0005\/2020 A Comiss\u00e3o Permanente de Licita\u00e7\u00e3o analisando a cota\u00e7\u00e3o dos produtos licitados, verificou que os itens 012- cebolinha e 032 &#8211; salsa, cotados pela empresa DEBORAH DE SOUZA 13164788665 \u2013CNPJ 29.955.537\/0001-97, n\u00e3o deixou claro a unidade de medida usada para base de c\u00e1lculo da m\u00e9dia. Por [&hellip;]<\/p>\n","protected":false},"author":96,"featured_media":0,"comment_status":"closed","ping_status":"closed","sticky":false,"template":"","format":"standard","meta":{"footnotes":""},"categories":[307],"tags":[],"class_list":["post-168055","post","type-post","status-publish","format-standard","hentry","category-editais"],"_links":{"self":[{"href":"https:\/\/diarioregionaldigital.com.br\/index.php?rest_route=\/wp\/v2\/posts\/168055","targetHints":{"allow":["GET"]}}],"collection":[{"href":"https:\/\/diarioregionaldigital.com.br\/index.php?rest_route=\/wp\/v2\/posts"}],"about":[{"href":"https:\/\/diarioregionaldigital.com.br\/index.php?rest_route=\/wp\/v2\/types\/post"}],"author":[{"embeddable":true,"href":"https:\/\/diarioregionaldigital.com.br\/index.php?rest_route=\/wp\/v2\/users\/96"}],"replies":[{"embeddable":true,"href":"https:\/\/diarioregionaldigital.com.br\/index.php?rest_route=%2Fwp%2Fv2%2Fcomments&post=168055"}],"version-history":[{"count":0,"href":"https:\/\/diarioregionaldigital.com.br\/index.php?rest_route=\/wp\/v2\/posts\/168055\/revisions"}],"wp:attachment":[{"href":"https:\/\/diarioregionaldigital.com.br\/index.php?rest_route=%2Fwp%2Fv2%2Fmedia&parent=168055"}],"wp:term":[{"taxonomy":"category","embeddable":true,"href":"https:\/\/diarioregionaldigital.com.br\/index.php?rest_route=%2Fwp%2Fv2%2Fcategories&post=168055"},{"taxonomy":"post_tag","embeddable":true,"href":"https:\/\/diarioregionaldigital.com.br\/index.php?rest_route=%2Fwp%2Fv2%2Ftags&post=168055"}],"curies":[{"name":"wp","href":"https:\/\/api.w.org\/{rel}","templated":true}]}}