{"id":168053,"date":"2020-09-02T06:00:17","date_gmt":"2020-09-02T09:00:17","guid":{"rendered":"https:\/\/diarioregionaldigital.com.br\/?p=168053"},"modified":"2020-09-04T00:45:16","modified_gmt":"2020-09-04T03:45:16","slug":"prefeitura-municipal-de-tocantins-extrato-contrato-02-09-2020","status":"publish","type":"post","link":"https:\/\/diarioregionaldigital.com.br\/?p=168053","title":{"rendered":"Prefeitura Municipal de Tocantins &#8211; Extrato Contrato &#8211; 02\/09\/2020"},"content":{"rendered":"<p style=\"text-align: center;\"><strong>EXTRATO DE CONTRATO<\/strong><\/p>\n<p style=\"text-align: center;\"><strong>TERMO ADITIVO<\/strong><\/p>\n<p style=\"text-align: center;\"><strong>PREFEITURA MUNICIPAL DE TOCANTINS-MG\u00a0<\/strong><\/p>\n<p style=\"text-align: center;\"><strong>EXTRATO CONTRATO CHAMAMENTO P\u00daBLICO \u00a0N\u00ba 003\/2020 \u2013 PROCESSO N\u00b0004\/2020<\/strong><\/p>\n<p style=\"text-align: center;\"><strong>CONTRATANTE: PREFEITURA MUNICIPAL TOCANTINS\/MG &#8211; CNPJ 18.128.223\/001-02<\/strong><\/p>\n<p style=\"text-align: center;\"><strong>CONTRATADO: SOCIEDADE DE AMPARO AO IDOSO TOCANTINENSE \u2013 SAIT<\/strong>.<\/p>\n<p style=\"text-align: center;\"><strong>OBJETO:<\/strong>\u00a0Repasse de recurso financeiro,\u00a0por interesse p\u00fablico com entidade da sociedade civil para a presta\u00e7\u00e3o de servi\u00e7os socioassistenciais de Prote\u00e7\u00e3o Social Especial de Alta Complexidade para atendimento a pessoa idosa em situa\u00e7\u00e3o de acolhimento.\u00a0Tal repasse est\u00e1 amparado no\u00a0disposto do artigo 2\u00ba, inciso II e artigo 8\u00ba inciso III, da Portaria\u00a0369 de 29 de abril de 2020 \u2013 PUBLICADA EM 30\/04\/2020 \u2013 EDI\u00c7\u00c3O: 82\/SE\u00c7\u00c3O:1 \/ PAG.17 (MINISTERIO DA CIDADANIA) NO DIARIO OFICIAL DA UNI\u00c3O. O objetivo desse repasse financeiro ser\u00e1 a mitiga\u00e7\u00e3o e o enfrentamento dos riscos de contamina\u00e7\u00e3o atrav\u00e9s do novo Coronav\u00edrus (COVID 19) de impacto mundial. Valor R$109.939,92 (cento e nove mil, novecentos e trinta e nove reais e noventa e dois centavos).\u00a0<strong>TOCANTINS\/MG, 01 DE SETEMBRO DE 2020 \u2013 JULIANA DIAS NASCIMENTO DOMINGOS \u2013 SECRETARIA DE DESENVOLVIMENTO E ASSISTENCIA SOCIAL \u2013 SMDAS.<\/strong><\/p>\n","protected":false},"excerpt":{"rendered":"<p>EXTRATO DE CONTRATO TERMO ADITIVO PREFEITURA MUNICIPAL DE TOCANTINS-MG\u00a0 EXTRATO CONTRATO CHAMAMENTO P\u00daBLICO \u00a0N\u00ba 003\/2020 \u2013 PROCESSO N\u00b0004\/2020 CONTRATANTE: PREFEITURA MUNICIPAL TOCANTINS\/MG &#8211; CNPJ 18.128.223\/001-02 CONTRATADO: SOCIEDADE DE AMPARO AO IDOSO TOCANTINENSE \u2013 SAIT. OBJETO:\u00a0Repasse de recurso financeiro,\u00a0por interesse p\u00fablico com entidade da sociedade civil para a presta\u00e7\u00e3o de servi\u00e7os socioassistenciais de Prote\u00e7\u00e3o Social Especial [&hellip;]<\/p>\n","protected":false},"author":96,"featured_media":0,"comment_status":"closed","ping_status":"closed","sticky":false,"template":"","format":"standard","meta":{"footnotes":""},"categories":[307],"tags":[],"class_list":["post-168053","post","type-post","status-publish","format-standard","hentry","category-editais"],"_links":{"self":[{"href":"https:\/\/diarioregionaldigital.com.br\/index.php?rest_route=\/wp\/v2\/posts\/168053","targetHints":{"allow":["GET"]}}],"collection":[{"href":"https:\/\/diarioregionaldigital.com.br\/index.php?rest_route=\/wp\/v2\/posts"}],"about":[{"href":"https:\/\/diarioregionaldigital.com.br\/index.php?rest_route=\/wp\/v2\/types\/post"}],"author":[{"embeddable":true,"href":"https:\/\/diarioregionaldigital.com.br\/index.php?rest_route=\/wp\/v2\/users\/96"}],"replies":[{"embeddable":true,"href":"https:\/\/diarioregionaldigital.com.br\/index.php?rest_route=%2Fwp%2Fv2%2Fcomments&post=168053"}],"version-history":[{"count":0,"href":"https:\/\/diarioregionaldigital.com.br\/index.php?rest_route=\/wp\/v2\/posts\/168053\/revisions"}],"wp:attachment":[{"href":"https:\/\/diarioregionaldigital.com.br\/index.php?rest_route=%2Fwp%2Fv2%2Fmedia&parent=168053"}],"wp:term":[{"taxonomy":"category","embeddable":true,"href":"https:\/\/diarioregionaldigital.com.br\/index.php?rest_route=%2Fwp%2Fv2%2Fcategories&post=168053"},{"taxonomy":"post_tag","embeddable":true,"href":"https:\/\/diarioregionaldigital.com.br\/index.php?rest_route=%2Fwp%2Fv2%2Ftags&post=168053"}],"curies":[{"name":"wp","href":"https:\/\/api.w.org\/{rel}","templated":true}]}}