{"id":168050,"date":"2020-09-02T06:00:48","date_gmt":"2020-09-02T09:00:48","guid":{"rendered":"https:\/\/diarioregionaldigital.com.br\/?p=168050"},"modified":"2020-09-01T23:42:39","modified_gmt":"2020-09-02T02:42:39","slug":"prefeitura-municipal-de-descoberto-licitacao-no037-02-09-2020","status":"publish","type":"post","link":"https:\/\/diarioregionaldigital.com.br\/?p=168050","title":{"rendered":"Prefeitura Municipal de Descoberto &#8211; Licita\u00e7\u00e3o n\u00ba037 &#8211; 02\/09\/2020"},"content":{"rendered":"<p style=\"text-align: center;\"><strong>PREFEITURA MUNICIPAL DE DESCOBERTO<\/strong><\/p>\n<p style=\"text-align: center;\"><strong>AVISO DE CHAMADA P\u00daBLICA<\/strong><\/p>\n<p style=\"text-align: center;\"><strong>Licita\u00e7\u00e3o n\u00b0 037\/2020<\/strong><\/p>\n<p style=\"text-align: center;\"><strong>Dispensa 005\/2020<\/strong><\/p>\n<p style=\"text-align: center;\"><strong>Chamada P\u00fablica de n\u00b0 001\/2020<\/strong><\/p>\n<p style=\"text-align: center;\">O Munic\u00edpio de DESCOBERTO\/MG, torna p\u00fablico aos interessados, a Chamada P\u00fablica N\u00b0 001\/2020, para aquisi\u00e7\u00e3o de g\u00eaneros aliment\u00edcios da Agricultura Familiar e do Empreendedor Familiar Rural, destinado ao atendimento ao Programa Nacional de Alimenta\u00e7\u00e3o Escolar, em atendimento a Lei n\u00ba. 11.947\/2009, Resolu\u00e7\u00e3o FNDE\/CD n\u00ba 26\/2013, Resolu\u00e7\u00e3o FNDE\/CD n\u00ba 04\/2015 e Resolu\u00e7\u00e3o MEC\/FNDE n\u00ba 02\/2020. O recebimento da documenta\u00e7\u00e3o e do projeto de venda ocorrer\u00e1 no at\u00e9 o dia 07\/10\/2020, \u00e0s 16h, no Setor de Licita\u00e7\u00f5es da Prefeitura Municipal DESCOBERTO\/MG. O edital com os dados completos encontra-se dispon\u00edvel gratuitamente aos interessados na sede da Prefeitura Municipal de DESCOBERTO\/MG, sito a Rua Capit\u00e3o Bas\u00edlio, n\u00b0 39, Centro ou pelo site <a href=\"http:\/\/www.descoberto.mg.gov.br\">www.descoberto.mg.gov.br<\/a>. Para conhecimento de todos os interessados, expediu-se o presente que ser\u00e1 afixado no lugar de costume, publicando-se na forma da lei. DESCOBERTO, 02 de setembro de 2020.<\/p>\n","protected":false},"excerpt":{"rendered":"<p>PREFEITURA MUNICIPAL DE DESCOBERTO AVISO DE CHAMADA P\u00daBLICA Licita\u00e7\u00e3o n\u00b0 037\/2020 Dispensa 005\/2020 Chamada P\u00fablica de n\u00b0 001\/2020 O Munic\u00edpio de DESCOBERTO\/MG, torna p\u00fablico aos interessados, a Chamada P\u00fablica N\u00b0 001\/2020, para aquisi\u00e7\u00e3o de g\u00eaneros aliment\u00edcios da Agricultura Familiar e do Empreendedor Familiar Rural, destinado ao atendimento ao Programa Nacional de Alimenta\u00e7\u00e3o Escolar, em atendimento [&hellip;]<\/p>\n","protected":false},"author":96,"featured_media":0,"comment_status":"closed","ping_status":"closed","sticky":false,"template":"","format":"standard","meta":{"footnotes":""},"categories":[307],"tags":[],"class_list":["post-168050","post","type-post","status-publish","format-standard","hentry","category-editais"],"_links":{"self":[{"href":"https:\/\/diarioregionaldigital.com.br\/index.php?rest_route=\/wp\/v2\/posts\/168050","targetHints":{"allow":["GET"]}}],"collection":[{"href":"https:\/\/diarioregionaldigital.com.br\/index.php?rest_route=\/wp\/v2\/posts"}],"about":[{"href":"https:\/\/diarioregionaldigital.com.br\/index.php?rest_route=\/wp\/v2\/types\/post"}],"author":[{"embeddable":true,"href":"https:\/\/diarioregionaldigital.com.br\/index.php?rest_route=\/wp\/v2\/users\/96"}],"replies":[{"embeddable":true,"href":"https:\/\/diarioregionaldigital.com.br\/index.php?rest_route=%2Fwp%2Fv2%2Fcomments&post=168050"}],"version-history":[{"count":0,"href":"https:\/\/diarioregionaldigital.com.br\/index.php?rest_route=\/wp\/v2\/posts\/168050\/revisions"}],"wp:attachment":[{"href":"https:\/\/diarioregionaldigital.com.br\/index.php?rest_route=%2Fwp%2Fv2%2Fmedia&parent=168050"}],"wp:term":[{"taxonomy":"category","embeddable":true,"href":"https:\/\/diarioregionaldigital.com.br\/index.php?rest_route=%2Fwp%2Fv2%2Fcategories&post=168050"},{"taxonomy":"post_tag","embeddable":true,"href":"https:\/\/diarioregionaldigital.com.br\/index.php?rest_route=%2Fwp%2Fv2%2Ftags&post=168050"}],"curies":[{"name":"wp","href":"https:\/\/api.w.org\/{rel}","templated":true}]}}