{"id":168048,"date":"2020-09-02T06:00:48","date_gmt":"2020-09-02T09:00:48","guid":{"rendered":"https:\/\/diarioregionaldigital.com.br\/?p=168048"},"modified":"2020-09-01T23:25:11","modified_gmt":"2020-09-02T02:25:11","slug":"la-longe-3","status":"publish","type":"post","link":"https:\/\/diarioregionaldigital.com.br\/?p=168048","title":{"rendered":"L\u00e1 longe"},"content":{"rendered":"<p style=\"text-align: center;\"><strong>Talentosa<\/strong><\/p>\n<p style=\"text-align: center;\">A iluminada arista-pl\u00e1stica Nequitz Miguel est\u00e1 com tudo e n\u00e3o est\u00e1 prosa. Ela ser\u00e1 destaque na primeira coletiva presencial em S\u00e3o Paulo. Com o tema \u201cResistencia da Arte\u201d, a exposi\u00e7\u00e3o foi inaugurada na Rua Oscar Freire na refinada regi\u00e3o dos Jardins.<\/p>\n<p style=\"text-align: center;\"><strong>Fio de Linha<\/strong><\/p>\n<p style=\"text-align: center;\">A ind\u00fastria t\u00eaxtil trabalha hoje com 50% de sua capacidade de produ\u00e7\u00e3o, N\u00e3o \u00e9 bom se o par\u00e2metro for os 70% do per\u00edodo p\u00f3s-pandemia. Mas j\u00e1 \u00e9 um respiro se o ponto de observa\u00e7\u00e3o for junho, quando esse percentual era de 30%. A pandemia ceifou e, em quatro meses 80mil empregos formais do setor.<\/p>\n<p style=\"text-align: center;\"><strong>Inclus\u00e3o<\/strong><\/p>\n<p style=\"text-align: center;\">Completando 9 anos de ininterruptas atividades o Instituto Aviva promoveu a capacita\u00e7\u00e3o virtual dos volunt\u00e1rios. O evento debateu a inclus\u00e3o sob diversos aspectos, com palestrantes do Brasil e Portugal.<\/p>\n<p style=\"text-align: center;\"><span style=\"font-size: 14pt;\"><strong>L\u00e1 longe<\/strong><\/span><\/p>\n<p style=\"text-align: center;\">Muito querido em Juiz de Fora, o quituteiro Pablo Oazen se despediu de Juiz de Fora em alto estilo. O Master Chef preparou um fino menu degusta\u00e7\u00e3o no Garagem Gastrobar reunindo nomes catalogados da cidade. Ele vai se dedicar exclusivamente ao Benzam, seu restaurante na regi\u00e3o de Pinheiros em S\u00e3o Paulo.<\/p>\n<div id=\"attachment_168036\" style=\"width: 690px\" class=\"wp-caption aligncenter\"><img loading=\"lazy\" decoding=\"async\" aria-describedby=\"caption-attachment-168036\" class=\"wp-image-168036\" src=\"https:\/\/diarioregionaldigital.com.br\/wp-content\/uploads\/2020\/09\/fotoc-e1599012214946.jpg\" alt=\"\" width=\"680\" height=\"502\" srcset=\"https:\/\/diarioregionaldigital.com.br\/wp-content\/uploads\/2020\/09\/fotoc-e1599012214946.jpg 720w, https:\/\/diarioregionaldigital.com.br\/wp-content\/uploads\/2020\/09\/fotoc-e1599012214946-300x221.jpg 300w, https:\/\/diarioregionaldigital.com.br\/wp-content\/uploads\/2020\/09\/fotoc-e1599012214946-360x266.jpg 360w\" sizes=\"auto, (max-width: 680px) 100vw, 680px\" \/><p id=\"caption-attachment-168036\" class=\"wp-caption-text\">A linda Nath\u00e1lia Romualdo em foco de luz para esta coluna<\/p><\/div>\n<div id=\"attachment_168035\" style=\"width: 690px\" class=\"wp-caption aligncenter\"><img loading=\"lazy\" decoding=\"async\" aria-describedby=\"caption-attachment-168035\" class=\"wp-image-168035\" src=\"https:\/\/diarioregionaldigital.com.br\/wp-content\/uploads\/2020\/09\/fotobb-e1599012922379.jpeg\" alt=\"\" width=\"680\" height=\"482\" srcset=\"https:\/\/diarioregionaldigital.com.br\/wp-content\/uploads\/2020\/09\/fotobb-e1599012922379.jpeg 960w, https:\/\/diarioregionaldigital.com.br\/wp-content\/uploads\/2020\/09\/fotobb-e1599012922379-300x213.jpeg 300w, https:\/\/diarioregionaldigital.com.br\/wp-content\/uploads\/2020\/09\/fotobb-e1599012922379-768x545.jpeg 768w, https:\/\/diarioregionaldigital.com.br\/wp-content\/uploads\/2020\/09\/fotobb-e1599012922379-750x530.jpeg 750w, https:\/\/diarioregionaldigital.com.br\/wp-content\/uploads\/2020\/09\/fotobb-e1599012922379-360x255.jpeg 360w, https:\/\/diarioregionaldigital.com.br\/wp-content\/uploads\/2020\/09\/fotobb-e1599012922379-100x70.jpeg 100w\" sizes=\"auto, (max-width: 680px) 100vw, 680px\" \/><p id=\"caption-attachment-168035\" class=\"wp-caption-text\">Eduardo Gomes entregando o Trof\u00e9u Di\u00e1rio Regional RCWTV \u201cMelhores do Ano\u201d para o fot\u00f3grafo Valdir J\u00fanior<\/p><\/div>\n<div id=\"attachment_168033\" style=\"width: 690px\" class=\"wp-caption aligncenter\"><img loading=\"lazy\" decoding=\"async\" aria-describedby=\"caption-attachment-168033\" class=\"wp-image-168033\" src=\"https:\/\/diarioregionaldigital.com.br\/wp-content\/uploads\/2020\/09\/fotoaa-e1599012855374.jpeg\" alt=\"\" width=\"680\" height=\"487\" srcset=\"https:\/\/diarioregionaldigital.com.br\/wp-content\/uploads\/2020\/09\/fotoaa-e1599012855374.jpeg 956w, https:\/\/diarioregionaldigital.com.br\/wp-content\/uploads\/2020\/09\/fotoaa-e1599012855374-300x215.jpeg 300w, https:\/\/diarioregionaldigital.com.br\/wp-content\/uploads\/2020\/09\/fotoaa-e1599012855374-768x549.jpeg 768w, https:\/\/diarioregionaldigital.com.br\/wp-content\/uploads\/2020\/09\/fotoaa-e1599012855374-360x258.jpeg 360w\" sizes=\"auto, (max-width: 680px) 100vw, 680px\" \/><p id=\"caption-attachment-168033\" class=\"wp-caption-text\">Eduardo Gomes entregando o Trof\u00e9u Di\u00e1rio Regional RCWTV \u201cMelhores do Ano\u201d para o modelo revela\u00e7\u00e3o Ramon Wagner<\/p><\/div>\n<div id=\"attachment_168034\" style=\"width: 690px\" class=\"wp-caption aligncenter\"><img loading=\"lazy\" decoding=\"async\" aria-describedby=\"caption-attachment-168034\" class=\"wp-image-168034\" src=\"https:\/\/diarioregionaldigital.com.br\/wp-content\/uploads\/2020\/09\/fotob-e1599012877268.jpg\" alt=\"\" width=\"680\" height=\"502\" srcset=\"https:\/\/diarioregionaldigital.com.br\/wp-content\/uploads\/2020\/09\/fotob-e1599012877268.jpg 540w, https:\/\/diarioregionaldigital.com.br\/wp-content\/uploads\/2020\/09\/fotob-e1599012877268-300x222.jpg 300w, https:\/\/diarioregionaldigital.com.br\/wp-content\/uploads\/2020\/09\/fotob-e1599012877268-360x266.jpg 360w\" sizes=\"auto, (max-width: 680px) 100vw, 680px\" \/><p id=\"caption-attachment-168034\" class=\"wp-caption-text\">Estrelas absolutas das artes pl\u00e1sticas e do jornalismo: Irene Barros e a filha Andrea Barros<\/p><\/div>\n<div id=\"attachment_168037\" style=\"width: 690px\" class=\"wp-caption aligncenter\"><img loading=\"lazy\" decoding=\"async\" aria-describedby=\"caption-attachment-168037\" class=\"wp-image-168037\" src=\"https:\/\/diarioregionaldigital.com.br\/wp-content\/uploads\/2020\/09\/fotod-e1599012243936.jpg\" alt=\"\" width=\"680\" height=\"475\" srcset=\"https:\/\/diarioregionaldigital.com.br\/wp-content\/uploads\/2020\/09\/fotod-e1599012243936.jpg 1039w, https:\/\/diarioregionaldigital.com.br\/wp-content\/uploads\/2020\/09\/fotod-e1599012243936-300x210.jpg 300w, https:\/\/diarioregionaldigital.com.br\/wp-content\/uploads\/2020\/09\/fotod-e1599012243936-1024x716.jpg 1024w, https:\/\/diarioregionaldigital.com.br\/wp-content\/uploads\/2020\/09\/fotod-e1599012243936-768x537.jpg 768w, https:\/\/diarioregionaldigital.com.br\/wp-content\/uploads\/2020\/09\/fotod-e1599012243936-360x252.jpg 360w, https:\/\/diarioregionaldigital.com.br\/wp-content\/uploads\/2020\/09\/fotod-e1599012243936-100x70.jpg 100w\" sizes=\"auto, (max-width: 680px) 100vw, 680px\" \/><p id=\"caption-attachment-168037\" class=\"wp-caption-text\">Professores de real valor: Augusto Silva e Cliciane Salin<\/p><\/div>\n<div id=\"attachment_168038\" style=\"width: 690px\" class=\"wp-caption aligncenter\"><img loading=\"lazy\" decoding=\"async\" aria-describedby=\"caption-attachment-168038\" class=\"wp-image-168038\" src=\"https:\/\/diarioregionaldigital.com.br\/wp-content\/uploads\/2020\/09\/fotoe-e1599012272384.jpg\" alt=\"\" width=\"680\" height=\"522\" srcset=\"https:\/\/diarioregionaldigital.com.br\/wp-content\/uploads\/2020\/09\/fotoe-e1599012272384.jpg 938w, https:\/\/diarioregionaldigital.com.br\/wp-content\/uploads\/2020\/09\/fotoe-e1599012272384-300x230.jpg 300w, https:\/\/diarioregionaldigital.com.br\/wp-content\/uploads\/2020\/09\/fotoe-e1599012272384-768x590.jpg 768w, https:\/\/diarioregionaldigital.com.br\/wp-content\/uploads\/2020\/09\/fotoe-e1599012272384-360x276.jpg 360w\" sizes=\"auto, (max-width: 680px) 100vw, 680px\" \/><p id=\"caption-attachment-168038\" class=\"wp-caption-text\">A elegante Magaly Lima festejou muitos anos de vida ao lado de Paula Mageste<\/p><\/div>\n<div id=\"attachment_168039\" style=\"width: 690px\" class=\"wp-caption aligncenter\"><img loading=\"lazy\" decoding=\"async\" aria-describedby=\"caption-attachment-168039\" class=\"wp-image-168039\" src=\"https:\/\/diarioregionaldigital.com.br\/wp-content\/uploads\/2020\/09\/fotog-e1599012609398.jpg\" alt=\"\" width=\"680\" height=\"474\" srcset=\"https:\/\/diarioregionaldigital.com.br\/wp-content\/uploads\/2020\/09\/fotog-e1599012609398.jpg 681w, https:\/\/diarioregionaldigital.com.br\/wp-content\/uploads\/2020\/09\/fotog-e1599012609398-300x210.jpg 300w, https:\/\/diarioregionaldigital.com.br\/wp-content\/uploads\/2020\/09\/fotog-e1599012609398-360x251.jpg 360w, https:\/\/diarioregionaldigital.com.br\/wp-content\/uploads\/2020\/09\/fotog-e1599012609398-100x70.jpg 100w\" sizes=\"auto, (max-width: 680px) 100vw, 680px\" \/><p id=\"caption-attachment-168039\" class=\"wp-caption-text\">Gabriela Bonoto comemorou n\u00edver juntinho do pai m\u00e9dico, S\u00e9rgio Ferreira Rocha<\/p><\/div>\n<div id=\"attachment_168042\" style=\"width: 690px\" class=\"wp-caption aligncenter\"><img loading=\"lazy\" decoding=\"async\" aria-describedby=\"caption-attachment-168042\" class=\"wp-image-168042\" src=\"https:\/\/diarioregionaldigital.com.br\/wp-content\/uploads\/2020\/09\/fotoj-e1599012823868.jpg\" alt=\"\" width=\"680\" height=\"487\" srcset=\"https:\/\/diarioregionaldigital.com.br\/wp-content\/uploads\/2020\/09\/fotoj-e1599012823868.jpg 943w, https:\/\/diarioregionaldigital.com.br\/wp-content\/uploads\/2020\/09\/fotoj-e1599012823868-300x215.jpg 300w, https:\/\/diarioregionaldigital.com.br\/wp-content\/uploads\/2020\/09\/fotoj-e1599012823868-768x551.jpg 768w, https:\/\/diarioregionaldigital.com.br\/wp-content\/uploads\/2020\/09\/fotoj-e1599012823868-360x258.jpg 360w\" sizes=\"auto, (max-width: 680px) 100vw, 680px\" \/><p id=\"caption-attachment-168042\" class=\"wp-caption-text\">Em Porto Seguro (BA) aproveitando o mar o coiffeur Rhuan Fontes e a m\u00e3e Simone Santos<\/p><\/div>\n<div id=\"attachment_168041\" style=\"width: 690px\" class=\"wp-caption aligncenter\"><img loading=\"lazy\" decoding=\"async\" aria-describedby=\"caption-attachment-168041\" class=\"wp-image-168041\" src=\"https:\/\/diarioregionaldigital.com.br\/wp-content\/uploads\/2020\/09\/fotoi-e1599012793481.jpeg\" alt=\"\" width=\"680\" height=\"460\" srcset=\"https:\/\/diarioregionaldigital.com.br\/wp-content\/uploads\/2020\/09\/fotoi-e1599012793481.jpeg 947w, https:\/\/diarioregionaldigital.com.br\/wp-content\/uploads\/2020\/09\/fotoi-e1599012793481-300x203.jpeg 300w, https:\/\/diarioregionaldigital.com.br\/wp-content\/uploads\/2020\/09\/fotoi-e1599012793481-768x519.jpeg 768w, https:\/\/diarioregionaldigital.com.br\/wp-content\/uploads\/2020\/09\/fotoi-e1599012793481-360x243.jpeg 360w\" sizes=\"auto, (max-width: 680px) 100vw, 680px\" \/><p id=\"caption-attachment-168041\" class=\"wp-caption-text\">Em Bichinho (Tiradentes-MG), os lindos G\u00e9ssica Ferreira, Adriano Torres, Vitor Fonseca e Rose Oliveira<\/p><\/div>\n<div id=\"attachment_168040\" style=\"width: 690px\" class=\"wp-caption aligncenter\"><img loading=\"lazy\" decoding=\"async\" aria-describedby=\"caption-attachment-168040\" class=\"wp-image-168040\" src=\"https:\/\/diarioregionaldigital.com.br\/wp-content\/uploads\/2020\/09\/fotoh-e1599012738720.jpg\" alt=\"\" width=\"680\" height=\"467\" srcset=\"https:\/\/diarioregionaldigital.com.br\/wp-content\/uploads\/2020\/09\/fotoh-e1599012738720.jpg 990w, https:\/\/diarioregionaldigital.com.br\/wp-content\/uploads\/2020\/09\/fotoh-e1599012738720-300x206.jpg 300w, https:\/\/diarioregionaldigital.com.br\/wp-content\/uploads\/2020\/09\/fotoh-e1599012738720-768x528.jpg 768w, https:\/\/diarioregionaldigital.com.br\/wp-content\/uploads\/2020\/09\/fotoh-e1599012738720-360x247.jpg 360w, https:\/\/diarioregionaldigital.com.br\/wp-content\/uploads\/2020\/09\/fotoh-e1599012738720-100x70.jpg 100w\" sizes=\"auto, (max-width: 680px) 100vw, 680px\" \/><p id=\"caption-attachment-168040\" class=\"wp-caption-text\">Em noite de gala no Trade Hotel: Marc\u00edlio Gomes, M\u00f4nica Gomide Guimar\u00e3es, Adelaide Rodrigues e Paula Rodrigues<\/p><\/div>\n<p style=\"text-align: center;\"><strong>FOTOSS\u00cdNTESE<\/strong><\/p>\n<p>Correio Elegante: Abra\u00e7os virtuais para: Beth Mauad, Christiane Visentim, Ronaldo Miana, Eduardo Valente, Emmerson Moreira, Regina Horta e Silva, Daniel Silva, Ana Elisa Surerus Franco, Jos\u00e9 Lic\u00e9rio Neves e Dudu Lima.<\/p>\n<p>Com muita f\u00e9 e foco na espiritualidade, Dom Gil Moreira celebrou a Missa das Fam\u00edlias das escolas Cat\u00f3licas, pelo Facebook da Catedral Metropolitana de Juiz de Fora.<\/p>\n<p>Retomando suas atividades, o Serra do Ibitipoca Hotel de Lazer com a redu\u00e7\u00e3o de 50% de Hospedagem e seguindo os novos protocolos sanit\u00e1rios da OMS.<\/p>\n<p>Digna de todos os elogios, a jornalista Daniela Arbex lan\u00e7ou seu novo livro \u201cOs dois mundos de Isabel\u201d pela Editora intr\u00ednseca. Nas linhas ela destaca a vida da fundadora do Lar do Caminho, dona Isabel Salom\u00e3o de Campos.<\/p>\n<p>Usando o Zoom como ponto de refer\u00eancia, a Gerente do Departamento de Trabalho, Emprego e Renda da Prefeitura, Leila Abr\u00e3o fez bela palestra sobre lideran\u00e7a para pequenos neg\u00f3cios.<\/p>\n<p>Para n\u00e3o perder a esperan\u00e7a, inquilinos de im\u00f3veis comerciais esperam boa negocia\u00e7\u00e3o com os propriet\u00e1rios e com valor que possam pagar.<\/p>\n<p>Al\u00f4, Al\u00f4 artistas do Brasil: Segundo a Secretaria Especial de Cultura, os recursos da Lei Aldir Blanc, ser\u00e3o pagos entre 11 de setembro e 26 de outubro, de acordo com a entrega e aprova\u00e7\u00e3o dos planos de estados e munic\u00edpios para uso do dinheiro. Bom dia.<\/p>\n<p><img loading=\"lazy\" decoding=\"async\" class=\"aligncenter size-full wp-image-168047\" src=\"https:\/\/diarioregionaldigital.com.br\/wp-content\/uploads\/2020\/09\/anuncio87-scaled.jpg\" alt=\"\" width=\"2560\" height=\"970\" srcset=\"https:\/\/diarioregionaldigital.com.br\/wp-content\/uploads\/2020\/09\/anuncio87-scaled.jpg 2560w, https:\/\/diarioregionaldigital.com.br\/wp-content\/uploads\/2020\/09\/anuncio87-300x114.jpg 300w, https:\/\/diarioregionaldigital.com.br\/wp-content\/uploads\/2020\/09\/anuncio87-1024x388.jpg 1024w, https:\/\/diarioregionaldigital.com.br\/wp-content\/uploads\/2020\/09\/anuncio87-768x291.jpg 768w, https:\/\/diarioregionaldigital.com.br\/wp-content\/uploads\/2020\/09\/anuncio87-1536x582.jpg 1536w, https:\/\/diarioregionaldigital.com.br\/wp-content\/uploads\/2020\/09\/anuncio87-2048x776.jpg 2048w, https:\/\/diarioregionaldigital.com.br\/wp-content\/uploads\/2020\/09\/anuncio87-360x136.jpg 360w\" sizes=\"auto, (max-width: 2560px) 100vw, 2560px\" \/><\/p>\n","protected":false},"excerpt":{"rendered":"<p>Talentosa A iluminada arista-pl\u00e1stica Nequitz Miguel est\u00e1 com tudo e n\u00e3o est\u00e1 prosa. Ela ser\u00e1 destaque na primeira coletiva presencial em S\u00e3o Paulo. Com o tema \u201cResistencia da Arte\u201d, a exposi\u00e7\u00e3o foi inaugurada na Rua Oscar Freire na refinada regi\u00e3o dos Jardins. Fio de Linha A ind\u00fastria t\u00eaxtil trabalha hoje com 50% de sua capacidade [&hellip;]<\/p>\n","protected":false},"author":96,"featured_media":168036,"comment_status":"closed","ping_status":"closed","sticky":false,"template":"","format":"standard","meta":{"footnotes":""},"categories":[264],"tags":[],"class_list":["post-168048","post","type-post","status-publish","format-standard","has-post-thumbnail","hentry","category-eduardo-gomes"],"_links":{"self":[{"href":"https:\/\/diarioregionaldigital.com.br\/index.php?rest_route=\/wp\/v2\/posts\/168048","targetHints":{"allow":["GET"]}}],"collection":[{"href":"https:\/\/diarioregionaldigital.com.br\/index.php?rest_route=\/wp\/v2\/posts"}],"about":[{"href":"https:\/\/diarioregionaldigital.com.br\/index.php?rest_route=\/wp\/v2\/types\/post"}],"author":[{"embeddable":true,"href":"https:\/\/diarioregionaldigital.com.br\/index.php?rest_route=\/wp\/v2\/users\/96"}],"replies":[{"embeddable":true,"href":"https:\/\/diarioregionaldigital.com.br\/index.php?rest_route=%2Fwp%2Fv2%2Fcomments&post=168048"}],"version-history":[{"count":0,"href":"https:\/\/diarioregionaldigital.com.br\/index.php?rest_route=\/wp\/v2\/posts\/168048\/revisions"}],"wp:featuredmedia":[{"embeddable":true,"href":"https:\/\/diarioregionaldigital.com.br\/index.php?rest_route=\/wp\/v2\/media\/168036"}],"wp:attachment":[{"href":"https:\/\/diarioregionaldigital.com.br\/index.php?rest_route=%2Fwp%2Fv2%2Fmedia&parent=168048"}],"wp:term":[{"taxonomy":"category","embeddable":true,"href":"https:\/\/diarioregionaldigital.com.br\/index.php?rest_route=%2Fwp%2Fv2%2Fcategories&post=168048"},{"taxonomy":"post_tag","embeddable":true,"href":"https:\/\/diarioregionaldigital.com.br\/index.php?rest_route=%2Fwp%2Fv2%2Ftags&post=168048"}],"curies":[{"name":"wp","href":"https:\/\/api.w.org\/{rel}","templated":true}]}}