{"id":168045,"date":"2020-09-01T20:23:12","date_gmt":"2020-09-01T23:23:12","guid":{"rendered":"https:\/\/diarioregionaldigital.com.br\/?p=168045"},"modified":"2020-09-01T20:23:12","modified_gmt":"2020-09-01T23:23:12","slug":"covid-19-brasil-tem-mais-12-mil-mortes-e-426-mil-novos-casos","status":"publish","type":"post","link":"https:\/\/diarioregionaldigital.com.br\/?p=168045","title":{"rendered":"Covid-19: Brasil tem mais 1,2 mil mortes e 42,6 mil novos casos"},"content":{"rendered":"<p>Nas \u00faltimas 24 horas, foram registradas 1.215 mortes em fun\u00e7\u00e3o da pandemia do novo coronav\u00edrus. Com isso, o total de \u00f3bitos por covid-19 chegou a 122.596. O resultado representa aumento de 1% em rela\u00e7\u00e3o a\u00a0<span id=\"OBJ_PREFIX_DWT227_com_zimbra_date\" role=\"link\">ontem<\/span>, quando o painel do Minist\u00e9rio da Sa\u00fade\u00a0 marcava 121.381 mortes. H\u00e1 2.690 falecimentos em investiga\u00e7\u00e3o. Os dados est\u00e3o na atualiza\u00e7\u00e3o di\u00e1ria do Minist\u00e9rio da Sa\u00fade divulgada na noite desta\u00a0<span id=\"OBJ_PREFIX_DWT228_com_zimbra_date\" role=\"link\">ter<\/span>\u00e7a-feira (1\u00ba).<img decoding=\"async\" src=\"https:\/\/agenciabrasil.ebc.com.br\/ebc.png?id=1386722&amp;o=node\" \/><img decoding=\"async\" src=\"https:\/\/agenciabrasil.ebc.com.br\/ebc.gif?id=1386722&amp;o=node\" \/><\/p>\n<p>De acordo com o balan\u00e7o da pasta, entre ontem e\u00a0<span id=\"OBJ_PREFIX_DWT229_com_zimbra_date\" role=\"link\">hoje<\/span>\u00a0as secretarias estaduais de sa\u00fade identificaram 42.659 novas pessoas infectadas. Com isso, o total de casos acumulados alcan\u00e7ou 3.950.931. O resultado mostra o acr\u00e9scimo de 1% sobre o n\u00famero divulgado\u00a0<span id=\"OBJ_PREFIX_DWT230_com_zimbra_date\" role=\"link\">ontem<\/span>, quando o sistema do minist\u00e9rio trazia 3.908.272 infectados desde o in\u00edcio da pandemia.<\/p>\n<p>Os casos s\u00e3o menores aos domingos e segundas-feiras pelas limita\u00e7\u00f5es de alimenta\u00e7\u00e3o pelas equipes das secretarias de sa\u00fade. J\u00e1 \u00e0s\u00a0<span id=\"OBJ_PREFIX_DWT231_com_zimbra_date\" role=\"link\">ter<\/span>\u00e7as-feiras, o n\u00famero geralmente tem sido maior pelo envio dos dados acumulados do fim de semana.<\/p>\n<p>Ainda de acordo com o boletim do Minist\u00e9rio da Sa\u00fade, 669.239 pessoas est\u00e3o em acompanhamento e outras 3.159.096 j\u00e1 se recuperaram.<\/p>\n<p>A taxa de letalidade (n\u00famero de mortes pelo total de casos) ficou em 3,1%. A mortalidade (quantidade de \u00f3bitos por 100 mil habitantes) atingiu 58,3. A incid\u00eancia dos casos de covid-19 por 100 mil habitantes \u00e9 de 1880,1.<\/p>\n<p><strong>Covid-19 nos estados<\/strong><\/p>\n<p>Os estados com mais registro de mortes foram S\u00e3o Paulo (30.375), Rio<span id=\"OBJ_PREFIX_DWT232_com_zimbra_date\" role=\"link\">\u00a0de Janeiro<\/span>\u00a0(16.217), Cear\u00e1 (8.447), Pernambuco (7.614) e Par\u00e1 (6.176). As Unidades da Federa\u00e7\u00e3o com menos \u00f3bitos at\u00e9 o momento s\u00e3o Roraima (593), Acre (616), Tocantins (687), Amap\u00e1 (663) e Mato Grosso do Sul (889).<\/p>\n<p>Em n\u00famero de casos, S\u00e3o Paulo tamb\u00e9m lidera (814.375), seguido por Bahia (259.418), Rio<span id=\"OBJ_PREFIX_DWT233_com_zimbra_date\" role=\"link\">\u00a0de Janeiro<\/span>\u00a0(226.800), Minas Gerais (218.781) e Cear\u00e1 (216.333). A novidade \u00e9 Minas Gerais, que at\u00e9 semana passada estava na 5\u00aa posi\u00e7\u00e3o mas ultrapassou o Cear\u00e1.<\/p>\n<p><strong>Fonte:\u00a0<\/strong>Ag\u00eancia Brasil<\/p>\n","protected":false},"excerpt":{"rendered":"<p>Nas \u00faltimas 24 horas, foram registradas 1.215 mortes em fun\u00e7\u00e3o da pandemia do novo coronav\u00edrus. Com isso, o total de \u00f3bitos por covid-19 chegou a 122.596. O resultado representa aumento de 1% em rela\u00e7\u00e3o a\u00a0ontem, quando o painel do Minist\u00e9rio da Sa\u00fade\u00a0 marcava 121.381 mortes. H\u00e1 2.690 falecimentos em investiga\u00e7\u00e3o. Os dados est\u00e3o na atualiza\u00e7\u00e3o [&hellip;]<\/p>\n","protected":false},"author":96,"featured_media":158359,"comment_status":"closed","ping_status":"closed","sticky":false,"template":"","format":"standard","meta":{"footnotes":""},"categories":[302,436,440,439],"tags":[],"class_list":["post-168045","post","type-post","status-publish","format-standard","has-post-thumbnail","hentry","category-brasil-mundo","category-destaque-da-semana","category-destaques-do-dia","category-ultima-hora"],"_links":{"self":[{"href":"https:\/\/diarioregionaldigital.com.br\/index.php?rest_route=\/wp\/v2\/posts\/168045","targetHints":{"allow":["GET"]}}],"collection":[{"href":"https:\/\/diarioregionaldigital.com.br\/index.php?rest_route=\/wp\/v2\/posts"}],"about":[{"href":"https:\/\/diarioregionaldigital.com.br\/index.php?rest_route=\/wp\/v2\/types\/post"}],"author":[{"embeddable":true,"href":"https:\/\/diarioregionaldigital.com.br\/index.php?rest_route=\/wp\/v2\/users\/96"}],"replies":[{"embeddable":true,"href":"https:\/\/diarioregionaldigital.com.br\/index.php?rest_route=%2Fwp%2Fv2%2Fcomments&post=168045"}],"version-history":[{"count":0,"href":"https:\/\/diarioregionaldigital.com.br\/index.php?rest_route=\/wp\/v2\/posts\/168045\/revisions"}],"wp:featuredmedia":[{"embeddable":true,"href":"https:\/\/diarioregionaldigital.com.br\/index.php?rest_route=\/wp\/v2\/media\/158359"}],"wp:attachment":[{"href":"https:\/\/diarioregionaldigital.com.br\/index.php?rest_route=%2Fwp%2Fv2%2Fmedia&parent=168045"}],"wp:term":[{"taxonomy":"category","embeddable":true,"href":"https:\/\/diarioregionaldigital.com.br\/index.php?rest_route=%2Fwp%2Fv2%2Fcategories&post=168045"},{"taxonomy":"post_tag","embeddable":true,"href":"https:\/\/diarioregionaldigital.com.br\/index.php?rest_route=%2Fwp%2Fv2%2Ftags&post=168045"}],"curies":[{"name":"wp","href":"https:\/\/api.w.org\/{rel}","templated":true}]}}