{"id":168030,"date":"2020-09-01T19:01:43","date_gmt":"2020-09-01T22:01:43","guid":{"rendered":"https:\/\/diarioregionaldigital.com.br\/?p=168030"},"modified":"2020-09-01T19:01:43","modified_gmt":"2020-09-01T22:01:43","slug":"governo-define-regras-para-relatorios-de-auditoria-de-seguranca-de-barragens","status":"publish","type":"post","link":"https:\/\/diarioregionaldigital.com.br\/?p=168030","title":{"rendered":"Governo define regras para relat\u00f3rios de auditoria de seguran\u00e7a de barragens"},"content":{"rendered":"<p>A partir de mar\u00e7o de 2021, dois documentos v\u00e3o nortear o envio dos relat\u00f3rios t\u00e9cnicos realizados em auditorias de seguran\u00e7a de barragens em Minas Gerais. Os termos de refer\u00eancia, publicados nessa segunda-feira (31\/8), cont\u00eam orienta\u00e7\u00f5es para as empresas respons\u00e1veis por elaborar essas an\u00e1lises. Eles atendem a requisitos estabelecidos na Lei 23.291, que instituiu a Pol\u00edtica Estadual de Seguran\u00e7a de Barragens (Pesb).<\/p>\n<p>Um dos termos visa realizar um diagn\u00f3stico da estrutura em condi\u00e7\u00f5es normais de opera\u00e7\u00e3o. O outro busca avaliar a situa\u00e7\u00e3o da barragem mediante a exist\u00eancia de algum dano ou fragilidade.<\/p>\n<p><strong>Detalhamento<\/strong><\/p>\n<p>A legisla\u00e7\u00e3o estabelece par\u00e2metros e roteiro b\u00e1sico para orientar os trabalhos da auditoria t\u00e9cnica de seguran\u00e7a, al\u00e9m de determinar o conte\u00fado m\u00ednimo a ser abordado em cada relat\u00f3rio. Presidente da\u00a0<a href=\"http:\/\/www.feam.br\/\" target=\"_blank\" rel=\"noopener noreferrer\">Funda\u00e7\u00e3o Estadual do Meio Ambiente (Feam),<\/a>\u00a0Renato Brand\u00e3o explica que a correspond\u00eancia entre documentos e a real situa\u00e7\u00e3o das barragens \u00e9 de extrema import\u00e2ncia, pois tem rela\u00e7\u00e3o direta com a seguran\u00e7a dos empreendimentos, do meio ambiente e da popula\u00e7\u00e3o.<\/p>\n<p>\u201cPor isso estabelecemos um conte\u00fado m\u00ednimo a ser seguido pelos auditores, ressalvando que o n\u00edvel de detalhamento do Relat\u00f3rio T\u00e9cnico de Seguran\u00e7a de Barragem deve corresponder a complexidade, categoria de risco, estado de conserva\u00e7\u00e3o ou potencial de dano ambiental da barragem\u201d, detalha Brand\u00e3o.<\/p>\n<p><strong>Nota t\u00e9cnica<\/strong><\/p>\n<p>As normativas publicadas s\u00e3o v\u00e1lidas para elabora\u00e7\u00e3o desses documentos a partir de 2021. No entanto, as empresas devem encaminhar ao Estado, at\u00e9 esta ter\u00e7a-feira (1\/9), os Relat\u00f3rios T\u00e9cnicos de Auditoria de Seguran\u00e7a de Barragens e a Declara\u00e7\u00e3o de Condi\u00e7\u00e3o e Estabilidade das estruturas, referentes a 2020.<\/p>\n<p>Para orientar os empreendedores quanto ao envio dos documentos, a Feam tamb\u00e9m publicou uma nota t\u00e9cnica, que tra\u00e7a os par\u00e2metros que devem ser adotados pelas empresas ao remeter os arquivos ao Sistema Estadual de Meio Ambiente e Recursos H\u00eddricos (Sisema).<\/p>\n<p>A norma estabelece a frequ\u00eancia em que devem ser feitos os relat\u00f3rios e as declara\u00e7\u00f5es de estabilidade, conforme a classifica\u00e7\u00e3o de potencial de dano ambiental de cada barragem. Ap\u00f3s a regulamenta\u00e7\u00e3o da Pesb, as estruturas ser\u00e3o reclassificadas e haver\u00e1, tamb\u00e9m, um sistema eletr\u00f4nico para recebimento dos documentos.<\/p>\n<p><strong>Fonte:<\/strong> Ag\u00eancia Minas<\/p>\n","protected":false},"excerpt":{"rendered":"<p>A partir de mar\u00e7o de 2021, dois documentos v\u00e3o nortear o envio dos relat\u00f3rios t\u00e9cnicos realizados em auditorias de seguran\u00e7a de barragens em Minas Gerais. Os termos de refer\u00eancia, publicados nessa segunda-feira (31\/8), cont\u00eam orienta\u00e7\u00f5es para as empresas respons\u00e1veis por elaborar essas an\u00e1lises. Eles atendem a requisitos estabelecidos na Lei 23.291, que instituiu a Pol\u00edtica [&hellip;]<\/p>\n","protected":false},"author":96,"featured_media":168031,"comment_status":"closed","ping_status":"closed","sticky":false,"template":"","format":"standard","meta":{"footnotes":""},"categories":[436,252,439],"tags":[],"class_list":["post-168030","post","type-post","status-publish","format-standard","has-post-thumbnail","hentry","category-destaque-da-semana","category-regiao","category-ultima-hora"],"_links":{"self":[{"href":"https:\/\/diarioregionaldigital.com.br\/index.php?rest_route=\/wp\/v2\/posts\/168030","targetHints":{"allow":["GET"]}}],"collection":[{"href":"https:\/\/diarioregionaldigital.com.br\/index.php?rest_route=\/wp\/v2\/posts"}],"about":[{"href":"https:\/\/diarioregionaldigital.com.br\/index.php?rest_route=\/wp\/v2\/types\/post"}],"author":[{"embeddable":true,"href":"https:\/\/diarioregionaldigital.com.br\/index.php?rest_route=\/wp\/v2\/users\/96"}],"replies":[{"embeddable":true,"href":"https:\/\/diarioregionaldigital.com.br\/index.php?rest_route=%2Fwp%2Fv2%2Fcomments&post=168030"}],"version-history":[{"count":0,"href":"https:\/\/diarioregionaldigital.com.br\/index.php?rest_route=\/wp\/v2\/posts\/168030\/revisions"}],"wp:featuredmedia":[{"embeddable":true,"href":"https:\/\/diarioregionaldigital.com.br\/index.php?rest_route=\/wp\/v2\/media\/168031"}],"wp:attachment":[{"href":"https:\/\/diarioregionaldigital.com.br\/index.php?rest_route=%2Fwp%2Fv2%2Fmedia&parent=168030"}],"wp:term":[{"taxonomy":"category","embeddable":true,"href":"https:\/\/diarioregionaldigital.com.br\/index.php?rest_route=%2Fwp%2Fv2%2Fcategories&post=168030"},{"taxonomy":"post_tag","embeddable":true,"href":"https:\/\/diarioregionaldigital.com.br\/index.php?rest_route=%2Fwp%2Fv2%2Ftags&post=168030"}],"curies":[{"name":"wp","href":"https:\/\/api.w.org\/{rel}","templated":true}]}}