{"id":168027,"date":"2020-09-01T18:41:11","date_gmt":"2020-09-01T21:41:11","guid":{"rendered":"https:\/\/diarioregionaldigital.com.br\/?p=168027"},"modified":"2020-09-01T18:41:11","modified_gmt":"2020-09-01T21:41:11","slug":"covid-19-municipio-tem-4-873-casos-confirmados-e-162-mortes","status":"publish","type":"post","link":"https:\/\/diarioregionaldigital.com.br\/?p=168027","title":{"rendered":"Covid-19: Munic\u00edpio tem 4.873 casos confirmados e 162 mortes"},"content":{"rendered":"<p><span style=\"font-weight: 400;\">O novo boletim epidemiol\u00f3gico divulgado nessa ter\u00e7a-feira (1) pela Secretaria de Sa\u00fade (SS) da Prefeitura de Juiz de Fora (PJF), confirma mais 37 novos casos por Coronav\u00edrus, totalizando 4.873 Segundo o levantamento, foram registrados mais duas mortes, contabilizando 162. Uma das v\u00edtimas \u00e9 uma idosa de 74 anos, que morreu nessa ter\u00e7a-feira e tinha Doen\u00e7a Cardiovascular Cr\u00f4nica (DCC), Diabetes Mellitus (DM) e Doen\u00e7a Neurol\u00f3gica Cr\u00f4nica (DNC). A outra v\u00edtima \u00e9 uma mulher de 52 anos, que morreu no domingo (30) e tinha Doen\u00e7a Cardiovascular Cr\u00f4nica (DCC) e obesidade.\u00a0 Conforme os dados, mais 253 novas suspeitas foram registradas, acumulando 17.606.<\/span><\/p>\n<p><span style=\"font-weight: 400;\">Al\u00e9m disso, o Departamento de Vigil\u00e2ncia Epidemiol\u00f3gica e Ambiental (Dvea) informa que dentre os casos confirmados, 2.560 s\u00e3o mulheres e 2.313 homens.\u00a0<\/span><\/p>\n<p><b>N\u00fameros de casos<\/b><\/p>\n<p><span style=\"font-weight: 400;\">&#8211; At\u00e9 um ano: 16 casos (0,32%)<\/span><\/p>\n<p><span style=\"font-weight: 400;\">&#8211; Um a nove anos: 84 (1,72%)<\/span><\/p>\n<p><span style=\"font-weight: 400;\">&#8211; Dez a 19: 125 (2,56%)<\/span><\/p>\n<p><span style=\"font-weight: 400;\">&#8211; 20 a 29: 844 (17,31%)<\/span><\/p>\n<p><span style=\"font-weight: 400;\">&#8211; 30 a 39: 1.234 (25,32%)<\/span><\/p>\n<p><span style=\"font-weight: 400;\">&#8211; 40 a 49: 934 (19,16%)<\/span><\/p>\n<p><span style=\"font-weight: 400;\">&#8211; 50 a 59: 777 (15,94%)<\/span><\/p>\n<p><span style=\"font-weight: 400;\">&#8211; 60 ou mais: 859 (17,62%)<\/span><\/p>\n<p><b>Leitos\u00a0<\/b><\/p>\n<p><span style=\"font-weight: 400;\">Segundo informa\u00e7\u00f5es da PJF, os leitos de enfermaria est\u00e3o com 59,26% de ocupa\u00e7\u00e3o. J\u00e1 os os leitos de UTI e SUS, est\u00e3o com taxa de 79,15% e 77,05% respectivamente.<\/span><\/p>\n<p><b>Ranking de bairros com maior n\u00famero de casos<\/b><\/p>\n<p><span style=\"font-weight: 400;\">\u00a0<\/span> <span style=\"font-weight: 400;\">O novo levantamento feito pelo Dvea, aponta que mais tr\u00eas bairros entraram para a lista de locais com maiores n\u00fameros de casos em Juiz de Fora: Santo Ant\u00f4nio (39), Nossa Senhora Aparecida (36) e Industrial (35).<\/span><\/p>\n<p><span style=\"font-weight: 400;\">At\u00e9 o momento, foram registrados 301 casos no Centro, 183 no Bairro S\u00e3o Mateus, 142 no S\u00e3o Pedro, 122 no Benfica, 87 no Santa Helena, 88 no Alto dos Passos, 79 no Bom Pastor, 73 no Paineiras, 75 no Nova Era, 71 no Cascatinha, 67 no Santa Luzia, 67 no Progresso, 61 no Grama, 56 no Bairu, 57 no Teixeiras, 54 no Granbery, 56 no Bandeirantes, 53 no Linhares, 45 no Nossa Senhora de Lourdes, 46 no Santa Cruz, 47 no Monte Castelo, 45 no Estrela Sul, 44 no Ipiranga, 37 no Eldorado, 39 no Jardim Gl\u00f3ria, 39 no Graja\u00fa e 37 no Milho Branco.<\/span><\/p>\n<p><span style=\"font-weight: 400;\">\u00a0<\/span><b>Casos recuperados<\/b><\/p>\n<p><span style=\"font-weight: 400;\">Segundo dados da PJF, 4.252 pacientes est\u00e3o recuperados da doen\u00e7a, representando 87,2% dos casos confirmados.<\/span><\/p>\n<p><b>Isolamento social<\/b><\/p>\n<p><span style=\"font-weight: 400;\">Conforme os dados divulgados pela Prefeitura, o munic\u00edpio apresenta taxa de isolamento social em 49,21%, cuja m\u00e9dia \u00e9 dos \u00faltimos sete dias. O valor est\u00e1 um pouco acima da taxa registrada em Minas Gerais, que \u00e9 de 48,99%.<\/span><\/p>\n<p><b>Casos e \u00f3bitos confirmados<\/b><\/p>\n<p><span style=\"font-weight: 400;\">Na compara\u00e7\u00e3o com outras cidades do estado, Juiz de Fora permanece como s\u00e9timo munic\u00edpio com maior n\u00famero de casos confirmados. Segundo dados da Secretaria de Estado da Sa\u00fade de Minas Gerais (SES-MG), na primeira posi\u00e7\u00e3o aparece Belo Horizonte com 33.657, Uberl\u00e2ndia em segundo com 20.259, Ipatinga em terceiro com 7.508, Contagem em quarto com 7.825, Governador Valadares em quinto com 6.133 e Montes Claros em sexto com 5.375, estes s\u00e3o os munic\u00edpios que apresentam mais casos confirmados em compara\u00e7\u00e3o com Juiz de Fora.<\/span><\/p>\n<p><span style=\"font-weight: 400;\">J\u00e1 na quest\u00e3o das mortes confirmadas, o munic\u00edpio permanece em sexto nesse quesito. Belo Horizonte lidera com 978 \u00f3bitos, Uberl\u00e2ndia \u00e9 o segundo com 396, Contagem em terceiro com 280, Governador Valadares em quarto com 201 e Betim em quinto com 167.<\/span><\/p>\n","protected":false},"excerpt":{"rendered":"<p>O novo boletim epidemiol\u00f3gico divulgado nessa ter\u00e7a-feira (1) pela Secretaria de Sa\u00fade (SS) da Prefeitura de Juiz de Fora (PJF), confirma mais 37 novos casos por Coronav\u00edrus, totalizando 4.873 Segundo o levantamento, foram registrados mais duas mortes, contabilizando 162. Uma das v\u00edtimas \u00e9 uma idosa de 74 anos, que morreu nessa ter\u00e7a-feira e tinha Doen\u00e7a [&hellip;]<\/p>\n","protected":false},"author":96,"featured_media":168028,"comment_status":"closed","ping_status":"closed","sticky":false,"template":"","format":"standard","meta":{"footnotes":""},"categories":[253,436,440,439],"tags":[],"class_list":["post-168027","post","type-post","status-publish","format-standard","has-post-thumbnail","hentry","category-cidade","category-destaque-da-semana","category-destaques-do-dia","category-ultima-hora"],"_links":{"self":[{"href":"https:\/\/diarioregionaldigital.com.br\/index.php?rest_route=\/wp\/v2\/posts\/168027","targetHints":{"allow":["GET"]}}],"collection":[{"href":"https:\/\/diarioregionaldigital.com.br\/index.php?rest_route=\/wp\/v2\/posts"}],"about":[{"href":"https:\/\/diarioregionaldigital.com.br\/index.php?rest_route=\/wp\/v2\/types\/post"}],"author":[{"embeddable":true,"href":"https:\/\/diarioregionaldigital.com.br\/index.php?rest_route=\/wp\/v2\/users\/96"}],"replies":[{"embeddable":true,"href":"https:\/\/diarioregionaldigital.com.br\/index.php?rest_route=%2Fwp%2Fv2%2Fcomments&post=168027"}],"version-history":[{"count":0,"href":"https:\/\/diarioregionaldigital.com.br\/index.php?rest_route=\/wp\/v2\/posts\/168027\/revisions"}],"wp:featuredmedia":[{"embeddable":true,"href":"https:\/\/diarioregionaldigital.com.br\/index.php?rest_route=\/wp\/v2\/media\/168028"}],"wp:attachment":[{"href":"https:\/\/diarioregionaldigital.com.br\/index.php?rest_route=%2Fwp%2Fv2%2Fmedia&parent=168027"}],"wp:term":[{"taxonomy":"category","embeddable":true,"href":"https:\/\/diarioregionaldigital.com.br\/index.php?rest_route=%2Fwp%2Fv2%2Fcategories&post=168027"},{"taxonomy":"post_tag","embeddable":true,"href":"https:\/\/diarioregionaldigital.com.br\/index.php?rest_route=%2Fwp%2Fv2%2Ftags&post=168027"}],"curies":[{"name":"wp","href":"https:\/\/api.w.org\/{rel}","templated":true}]}}