{"id":168021,"date":"2020-09-01T17:32:15","date_gmt":"2020-09-01T20:32:15","guid":{"rendered":"https:\/\/diarioregionaldigital.com.br\/?p=168021"},"modified":"2020-09-01T17:32:15","modified_gmt":"2020-09-01T20:32:15","slug":"pcmg-apreende-mais-de-100-anabolizantes-no-bairro-linhares","status":"publish","type":"post","link":"https:\/\/diarioregionaldigital.com.br\/?p=168021","title":{"rendered":"PCMG apreende mais de 100 anabolizantes no Bairro Linhares"},"content":{"rendered":"<p><span style=\"font-weight: 400;\">A Pol\u00edcia Civil de Minas Gerais (PCMG), prendeu nesta ter\u00e7a-feira (1) no Bairro Linhares (Regi\u00e3o Leste), um jovem de 24 anos, o qual estava envolvido em tr\u00e1fico de drogas. O autor foi encontrado em sua resid\u00eancia e a opera\u00e7\u00e3o resultou na apreens\u00e3o de <\/span><span style=\"font-weight: 400;\">mais de cem embalagens de anabolizantes, mais de 80 seringas,\u00a0 agulhas. pacotes de seringas. um celular. R$ 770 em dinheiro, uma m\u00e1quina de cart\u00e3o de cr\u00e9dito, uma motocicleta, um carro, entre outros materiais.<\/span><\/p>\n<p><span style=\"font-weight: 400;\">Durante abordagem policial, o suspeito tentou arremessar as evid\u00eancias no im\u00f3vel do vizinho, mas foi capturado e encaminhado <\/span><span style=\"font-weight: 400;\">\u00a0\u00e0 1\u00aa Delegacia Regional de Juiz de Fora. Posteriormente, ele ser\u00e1 conduzido at\u00e9 o sistema prisional, permanecendo \u00e0 disposi\u00e7\u00e3o da Justi\u00e7a.<\/span><\/p>\n<p><span style=\"font-weight: 400;\">Segundo o Delegado Rodrigo Rolli, autoridade policial que coordena a Ag\u00eancia de Intelig\u00eancia do 4\u00ba Departamento (4\u00ba DEPPC), \u201cas dilig\u00eancias foram realizadas, ap\u00f3s troca de informa\u00e7\u00f5es entre as Ag\u00eancias de Intelig\u00eancia do 4\u00ba DEPPC e do Departamento Estadual de Combate ao Narcotr\u00e1fico (DENARC). Apura\u00e7\u00f5es indicaram que o suspeito receberia uma carga contendo anabolizantes, o que foi confirmado pela equipe de policiais civis ao localizar o material na casa do investigado\u201d.\u00a0<\/span><\/p>\n","protected":false},"excerpt":{"rendered":"<p>A Pol\u00edcia Civil de Minas Gerais (PCMG), prendeu nesta ter\u00e7a-feira (1) no Bairro Linhares (Regi\u00e3o Leste), um jovem de 24 anos, o qual estava envolvido em tr\u00e1fico de drogas. O autor foi encontrado em sua resid\u00eancia e a opera\u00e7\u00e3o resultou na apreens\u00e3o de mais de cem embalagens de anabolizantes, mais de 80 seringas,\u00a0 agulhas. pacotes [&hellip;]<\/p>\n","protected":false},"author":96,"featured_media":168022,"comment_status":"closed","ping_status":"closed","sticky":false,"template":"","format":"standard","meta":{"footnotes":""},"categories":[301,436,439],"tags":[],"class_list":["post-168021","post","type-post","status-publish","format-standard","has-post-thumbnail","hentry","category-artigos-policiais","category-destaque-da-semana","category-ultima-hora"],"_links":{"self":[{"href":"https:\/\/diarioregionaldigital.com.br\/index.php?rest_route=\/wp\/v2\/posts\/168021","targetHints":{"allow":["GET"]}}],"collection":[{"href":"https:\/\/diarioregionaldigital.com.br\/index.php?rest_route=\/wp\/v2\/posts"}],"about":[{"href":"https:\/\/diarioregionaldigital.com.br\/index.php?rest_route=\/wp\/v2\/types\/post"}],"author":[{"embeddable":true,"href":"https:\/\/diarioregionaldigital.com.br\/index.php?rest_route=\/wp\/v2\/users\/96"}],"replies":[{"embeddable":true,"href":"https:\/\/diarioregionaldigital.com.br\/index.php?rest_route=%2Fwp%2Fv2%2Fcomments&post=168021"}],"version-history":[{"count":0,"href":"https:\/\/diarioregionaldigital.com.br\/index.php?rest_route=\/wp\/v2\/posts\/168021\/revisions"}],"wp:featuredmedia":[{"embeddable":true,"href":"https:\/\/diarioregionaldigital.com.br\/index.php?rest_route=\/wp\/v2\/media\/168022"}],"wp:attachment":[{"href":"https:\/\/diarioregionaldigital.com.br\/index.php?rest_route=%2Fwp%2Fv2%2Fmedia&parent=168021"}],"wp:term":[{"taxonomy":"category","embeddable":true,"href":"https:\/\/diarioregionaldigital.com.br\/index.php?rest_route=%2Fwp%2Fv2%2Fcategories&post=168021"},{"taxonomy":"post_tag","embeddable":true,"href":"https:\/\/diarioregionaldigital.com.br\/index.php?rest_route=%2Fwp%2Fv2%2Ftags&post=168021"}],"curies":[{"name":"wp","href":"https:\/\/api.w.org\/{rel}","templated":true}]}}