{"id":168015,"date":"2020-09-01T17:09:16","date_gmt":"2020-09-01T20:09:16","guid":{"rendered":"https:\/\/diarioregionaldigital.com.br\/?p=168015"},"modified":"2020-09-01T17:09:16","modified_gmt":"2020-09-01T20:09:16","slug":"estado-cria-plano-de-imunizacao-para-a-covid-19","status":"publish","type":"post","link":"https:\/\/diarioregionaldigital.com.br\/?p=168015","title":{"rendered":"Estado cria plano de imuniza\u00e7\u00e3o para a covid-19"},"content":{"rendered":"<p>Em coletiva virtual realizada nesta ter\u00e7a-feira (1\/9), o secret\u00e1rio de Estado de\u00a0<a href=\"https:\/\/www.saude.mg.gov.br\/\" target=\"_blank\" rel=\"noopener noreferrer\">Sa\u00fade<\/a>\u00a0de Minas Gerais, Carlos Eduardo Amaral, anunciou que o Estado j\u00e1 conta com um Plano de Contingenciamento de Imuniza\u00e7\u00e3o para a covid-19.<\/p>\n<p>Embora ainda n\u00e3o haja uma vacina aprovada, o objetivo da antecipa\u00e7\u00e3o \u00e9 se precaver quanto a poss\u00edveis faltas no mercado, devido \u00e0 alta procura por insumos.<\/p>\n<p>\u201cLan\u00e7amos o plano j\u00e1 pensando em preparar a rede de Sa\u00fade e orientar os munic\u00edpios para o momento em que a vacina estiver dispon\u00edvel. Diante dessa possibilidade, precisamos ter condi\u00e7\u00f5es de fornecer insumos, distribuir adequadamente as doses e, inclusive, fazer o acompanhamento p\u00f3s-vacina\u201d, explicou Amaral.<\/p>\n<p><strong>Taxa de cont\u00e1gio<\/strong><\/p>\n<p>O secret\u00e1rio tamb\u00e9m falou sobre a taxa de cont\u00e1gio. O \u00edndice conhecido pela sigla RT tem variado sempre abaixo de 1 ao longo da \u00faltima semana.<\/p>\n<p>\u201cO \u00edndice foi de 0.95 em 27\/8 para 0,92 em 31\/8. Se o RT se mantiver abaixo de 1, podemos projetar no longo prazo uma redu\u00e7\u00e3o na transmiss\u00e3o e tamb\u00e9m em todo o estresse com a epidemia, tanto no sentido assistencial quanto no sentido do n\u00famero de casos\u201d, explicou.<\/p>\n<p>O RT \u00e9 um indicador que d\u00e1 base sobre o n\u00famero m\u00e9dio de casos de infectados a partir de um caso prim\u00e1rio, em determinado tempo.<\/p>\n<p><strong>Preven\u00e7\u00e3o<\/strong><\/p>\n<p>Apesar da sinaliza\u00e7\u00e3o de um poss\u00edvel equil\u00edbrio nos n\u00fameros, Amaral destacou que n\u00e3o \u00e9 o momento de relaxar quanto aos cuidados para preven\u00e7\u00e3o \u00e0 covid-19.<\/p>\n<p>\u201cOrienta\u00e7\u00f5es de higiene, como lavagem das m\u00e3os e uso de \u00e1lcool gel, bem como distanciamento social seguem essenciais para que possamos controlar a epidemia de maneira ainda mais eficaz\u201d, concluiu.<\/p>\n<p>At\u00e9 o momento, foram registrados 218.781 casos confirmados da covid-19 e 5.364 \u00f3bitos em Minas Gerais.<\/p>\n<p><strong>Fonte:\u00a0<\/strong>Ag\u00eancia Minas<\/p>\n","protected":false},"excerpt":{"rendered":"<p>Em coletiva virtual realizada nesta ter\u00e7a-feira (1\/9), o secret\u00e1rio de Estado de\u00a0Sa\u00fade\u00a0de Minas Gerais, Carlos Eduardo Amaral, anunciou que o Estado j\u00e1 conta com um Plano de Contingenciamento de Imuniza\u00e7\u00e3o para a covid-19. Embora ainda n\u00e3o haja uma vacina aprovada, o objetivo da antecipa\u00e7\u00e3o \u00e9 se precaver quanto a poss\u00edveis faltas no mercado, devido \u00e0 [&hellip;]<\/p>\n","protected":false},"author":96,"featured_media":168016,"comment_status":"closed","ping_status":"closed","sticky":false,"template":"","format":"standard","meta":{"footnotes":""},"categories":[436,252,439],"tags":[],"class_list":["post-168015","post","type-post","status-publish","format-standard","has-post-thumbnail","hentry","category-destaque-da-semana","category-regiao","category-ultima-hora"],"_links":{"self":[{"href":"https:\/\/diarioregionaldigital.com.br\/index.php?rest_route=\/wp\/v2\/posts\/168015","targetHints":{"allow":["GET"]}}],"collection":[{"href":"https:\/\/diarioregionaldigital.com.br\/index.php?rest_route=\/wp\/v2\/posts"}],"about":[{"href":"https:\/\/diarioregionaldigital.com.br\/index.php?rest_route=\/wp\/v2\/types\/post"}],"author":[{"embeddable":true,"href":"https:\/\/diarioregionaldigital.com.br\/index.php?rest_route=\/wp\/v2\/users\/96"}],"replies":[{"embeddable":true,"href":"https:\/\/diarioregionaldigital.com.br\/index.php?rest_route=%2Fwp%2Fv2%2Fcomments&post=168015"}],"version-history":[{"count":0,"href":"https:\/\/diarioregionaldigital.com.br\/index.php?rest_route=\/wp\/v2\/posts\/168015\/revisions"}],"wp:featuredmedia":[{"embeddable":true,"href":"https:\/\/diarioregionaldigital.com.br\/index.php?rest_route=\/wp\/v2\/media\/168016"}],"wp:attachment":[{"href":"https:\/\/diarioregionaldigital.com.br\/index.php?rest_route=%2Fwp%2Fv2%2Fmedia&parent=168015"}],"wp:term":[{"taxonomy":"category","embeddable":true,"href":"https:\/\/diarioregionaldigital.com.br\/index.php?rest_route=%2Fwp%2Fv2%2Fcategories&post=168015"},{"taxonomy":"post_tag","embeddable":true,"href":"https:\/\/diarioregionaldigital.com.br\/index.php?rest_route=%2Fwp%2Fv2%2Ftags&post=168015"}],"curies":[{"name":"wp","href":"https:\/\/api.w.org\/{rel}","templated":true}]}}