{"id":168012,"date":"2020-09-01T15:42:39","date_gmt":"2020-09-01T18:42:39","guid":{"rendered":"https:\/\/diarioregionaldigital.com.br\/?p=168012"},"modified":"2020-09-01T15:42:39","modified_gmt":"2020-09-01T18:42:39","slug":"pcmg-apura-incendio-criminoso-em-madeireira","status":"publish","type":"post","link":"https:\/\/diarioregionaldigital.com.br\/?p=168012","title":{"rendered":"PCMG apura inc\u00eandio criminoso em madeireira"},"content":{"rendered":"<p><span style=\"font-weight: 400;\">A Pol\u00edcia Civil de Minas Gerais deflagrou uma a\u00e7\u00e3o, na Zona da Mata mineira, em virtude de apura\u00e7\u00f5es relacionadas a um inc\u00eandio criminoso, ocorrido em fevereiro, em uma madeireira localizada na cidade de Lima Duarte. Dois investigados j\u00e1 se encontram presos, inclusive, um dos homens foi capturado na cidade de Mutum, nesta ter\u00e7a-feira (1\u00ba). Policiais civis de Lima Duarte seguem em dilig\u00eancias para efetuar a pris\u00e3o do suspeito de ser o mandante do crime que causou um preju\u00edzo de R$ 5.435.465,65 \u00e0 v\u00edtima. O homem ainda n\u00e3o foi localizado e se encontra foragido.<\/span><\/p>\n<p><span style=\"font-weight: 400;\">De acordo com o Delegado Jos\u00e9 M\u00e1rcio de Almeida Lopes, ap\u00f3s os fatos, foi apurado que um empres\u00e1rio de Juiz de Fora &#8211; concorrente que atua no mesmo ramo &#8211; teria sido o mandante. \u201cO crime teria sido praticado por um dos funcion\u00e1rios do empres\u00e1rio, indiv\u00edduo que tinha um mandado de pris\u00e3o em aberto no estado do Esp\u00edrito Santo e possui envolvimento com os crimes de roubo, furto qualificado e recepta\u00e7\u00e3o, no estado de Minas Gerais. O funcion\u00e1rio foi preso pela equipe da Pol\u00edcia Civil de Minas Gerais em fevereiro, durante dilig\u00eancias realizadas para apura\u00e7\u00e3o dos fatos\u201d, explicou, complementando que o outro suspeito foi preso no munic\u00edpio de Mutum. O indiv\u00edduo tem passagens na Pol\u00edcia pela pr\u00e1tica dos crimes de roubo; associa\u00e7\u00e3o criminosa armada; posse ilegal de arma de fogo e recepta\u00e7\u00e3o. <\/span><span style=\"font-weight: 400;\">As dilig\u00eancias seguem em andamento.<\/span><\/p>\n<p><strong>Fonte:\u00a0<\/strong>Assessoria<\/p>\n<p>&nbsp;<\/p>\n","protected":false},"excerpt":{"rendered":"<p>A Pol\u00edcia Civil de Minas Gerais deflagrou uma a\u00e7\u00e3o, na Zona da Mata mineira, em virtude de apura\u00e7\u00f5es relacionadas a um inc\u00eandio criminoso, ocorrido em fevereiro, em uma madeireira localizada na cidade de Lima Duarte. Dois investigados j\u00e1 se encontram presos, inclusive, um dos homens foi capturado na cidade de Mutum, nesta ter\u00e7a-feira (1\u00ba). Policiais [&hellip;]<\/p>\n","protected":false},"author":96,"featured_media":168013,"comment_status":"closed","ping_status":"closed","sticky":false,"template":"","format":"standard","meta":{"footnotes":""},"categories":[301,436,439],"tags":[],"class_list":["post-168012","post","type-post","status-publish","format-standard","has-post-thumbnail","hentry","category-artigos-policiais","category-destaque-da-semana","category-ultima-hora"],"_links":{"self":[{"href":"https:\/\/diarioregionaldigital.com.br\/index.php?rest_route=\/wp\/v2\/posts\/168012","targetHints":{"allow":["GET"]}}],"collection":[{"href":"https:\/\/diarioregionaldigital.com.br\/index.php?rest_route=\/wp\/v2\/posts"}],"about":[{"href":"https:\/\/diarioregionaldigital.com.br\/index.php?rest_route=\/wp\/v2\/types\/post"}],"author":[{"embeddable":true,"href":"https:\/\/diarioregionaldigital.com.br\/index.php?rest_route=\/wp\/v2\/users\/96"}],"replies":[{"embeddable":true,"href":"https:\/\/diarioregionaldigital.com.br\/index.php?rest_route=%2Fwp%2Fv2%2Fcomments&post=168012"}],"version-history":[{"count":0,"href":"https:\/\/diarioregionaldigital.com.br\/index.php?rest_route=\/wp\/v2\/posts\/168012\/revisions"}],"wp:featuredmedia":[{"embeddable":true,"href":"https:\/\/diarioregionaldigital.com.br\/index.php?rest_route=\/wp\/v2\/media\/168013"}],"wp:attachment":[{"href":"https:\/\/diarioregionaldigital.com.br\/index.php?rest_route=%2Fwp%2Fv2%2Fmedia&parent=168012"}],"wp:term":[{"taxonomy":"category","embeddable":true,"href":"https:\/\/diarioregionaldigital.com.br\/index.php?rest_route=%2Fwp%2Fv2%2Fcategories&post=168012"},{"taxonomy":"post_tag","embeddable":true,"href":"https:\/\/diarioregionaldigital.com.br\/index.php?rest_route=%2Fwp%2Fv2%2Ftags&post=168012"}],"curies":[{"name":"wp","href":"https:\/\/api.w.org\/{rel}","templated":true}]}}