{"id":168009,"date":"2020-09-01T15:39:36","date_gmt":"2020-09-01T18:39:36","guid":{"rendered":"https:\/\/diarioregionaldigital.com.br\/?p=168009"},"modified":"2020-09-01T15:39:36","modified_gmt":"2020-09-01T18:39:36","slug":"historiadora-apresenta-em-video-colecao-de-autografos-do-fundador-do-museu","status":"publish","type":"post","link":"https:\/\/diarioregionaldigital.com.br\/?p=168009","title":{"rendered":"Historiadora apresenta em v\u00eddeo cole\u00e7\u00e3o de aut\u00f3grafos do fundador do Museu"},"content":{"rendered":"<p>Alfredo Ferreira Lage (1865-1944), fundador do Museu &#8220;Mariano Proc\u00f3pio&#8221;, era ligado ao colecionismo desde muito cedo. Ainda crian\u00e7a, come\u00e7ou a colecionar minerais, e ao longo de sua vida somou ao seu acervo milhares de itens. Dentre as pe\u00e7as e objetos, alguns documentos evidenciam sua rede de sociabilidade, mantendo amizade com importantes personalidades da \u00e9poca. Em v\u00eddeo produzido pela institui\u00e7\u00e3o, o p\u00fablico poder\u00e1 conhecer um pouco de sua cole\u00e7\u00e3o de aut\u00f3grafos, com \u00e1lbum e demais documentos apresentados pela historiadora Priscila Costa Pinheiro, que atua no arquivo hist\u00f3rico e bibliogr\u00e1fico do Museu.<\/p>\n<p>No v\u00eddeo, a historiadora explica o significado de aut\u00f3grafo, que vai al\u00e9m da defini\u00e7\u00e3o de simples assinatura, como muitas pessoas pensam. Aut\u00f3grafo pode ser qualquer manuscrito, desenho, documento, carta, frase liter\u00e1ria ou musical. A partir do s\u00e9culo 19, a moda de colecionar aut\u00f3grafos se difundiu na Europa e nos Estados Unidos. No s\u00e9culo 20, o com\u00e9rcio desse item de cole\u00e7\u00e3o se intensificou, e, atento \u00e0s pr\u00e1ticas colecionistas de seu per\u00edodo, Alfredo formou sua cole\u00e7\u00e3o, que posteriormente daria origem ao arquivo hist\u00f3rico do Museu.<\/p>\n<p>Para adquirir um aut\u00f3grafo, o colecionador levava em conta alguns crit\u00e9rios, proced\u00eancia, autor, destinat\u00e1rio, raridade e conte\u00fado dos documentos. Tr\u00eas aut\u00f3grafos est\u00e3o em destaque no v\u00eddeo, sendo dois documentos, um assinado por Jos\u00e9 Bonif\u00e1cio (1763-1838), no per\u00edodo em que era tutor de Dom Pedro II (1825-1891) e outro por Napole\u00e3o Bonaparte (1769-1821), e um poema escrito por Castro Alves (1847-1871). Alguns itens da cole\u00e7\u00e3o foram adquiridos por doa\u00e7\u00e3o, leil\u00e3o e pedidos por Alfredo diretamente a v\u00e1rias pessoas e personalidade, de acordo com sua arte ou fazer, conforme pode ser visto em seu \u00e1lbum. Al\u00e9m dessas informa\u00e7\u00f5es, outras curiosidades s\u00e3o apresentadas neste trabalho, dispon\u00edvel no canal oficial da Prefeitura de Juiz de Fora (PJF), no youtube e nas redes sociais do Museu,\u00a0<a href=\"https:\/\/www.facebook.com\/museu.marianoprocopio\">facebook.com\/museu.marianoprocopio<\/a>\u00a0e instagram (@museumarianoprocopio).<\/p>\n<p><strong>Fonte:\u00a0<\/strong>Assessoria<\/p>\n","protected":false},"excerpt":{"rendered":"<p>Alfredo Ferreira Lage (1865-1944), fundador do Museu &#8220;Mariano Proc\u00f3pio&#8221;, era ligado ao colecionismo desde muito cedo. Ainda crian\u00e7a, come\u00e7ou a colecionar minerais, e ao longo de sua vida somou ao seu acervo milhares de itens. Dentre as pe\u00e7as e objetos, alguns documentos evidenciam sua rede de sociabilidade, mantendo amizade com importantes personalidades da \u00e9poca. Em [&hellip;]<\/p>\n","protected":false},"author":96,"featured_media":168010,"comment_status":"closed","ping_status":"closed","sticky":false,"template":"","format":"standard","meta":{"footnotes":""},"categories":[256,436,439],"tags":[],"class_list":["post-168009","post","type-post","status-publish","format-standard","has-post-thumbnail","hentry","category-cultura","category-destaque-da-semana","category-ultima-hora"],"_links":{"self":[{"href":"https:\/\/diarioregionaldigital.com.br\/index.php?rest_route=\/wp\/v2\/posts\/168009","targetHints":{"allow":["GET"]}}],"collection":[{"href":"https:\/\/diarioregionaldigital.com.br\/index.php?rest_route=\/wp\/v2\/posts"}],"about":[{"href":"https:\/\/diarioregionaldigital.com.br\/index.php?rest_route=\/wp\/v2\/types\/post"}],"author":[{"embeddable":true,"href":"https:\/\/diarioregionaldigital.com.br\/index.php?rest_route=\/wp\/v2\/users\/96"}],"replies":[{"embeddable":true,"href":"https:\/\/diarioregionaldigital.com.br\/index.php?rest_route=%2Fwp%2Fv2%2Fcomments&post=168009"}],"version-history":[{"count":0,"href":"https:\/\/diarioregionaldigital.com.br\/index.php?rest_route=\/wp\/v2\/posts\/168009\/revisions"}],"wp:featuredmedia":[{"embeddable":true,"href":"https:\/\/diarioregionaldigital.com.br\/index.php?rest_route=\/wp\/v2\/media\/168010"}],"wp:attachment":[{"href":"https:\/\/diarioregionaldigital.com.br\/index.php?rest_route=%2Fwp%2Fv2%2Fmedia&parent=168009"}],"wp:term":[{"taxonomy":"category","embeddable":true,"href":"https:\/\/diarioregionaldigital.com.br\/index.php?rest_route=%2Fwp%2Fv2%2Fcategories&post=168009"},{"taxonomy":"post_tag","embeddable":true,"href":"https:\/\/diarioregionaldigital.com.br\/index.php?rest_route=%2Fwp%2Fv2%2Ftags&post=168009"}],"curies":[{"name":"wp","href":"https:\/\/api.w.org\/{rel}","templated":true}]}}