{"id":168006,"date":"2020-09-01T15:08:04","date_gmt":"2020-09-01T18:08:04","guid":{"rendered":"https:\/\/diarioregionaldigital.com.br\/?p=168006"},"modified":"2020-09-01T15:08:04","modified_gmt":"2020-09-01T18:08:04","slug":"gp-da-turquia-pode-ter-corrida-com-portoes-abertos-e-presenca-de-100-mil-pessoas","status":"publish","type":"post","link":"https:\/\/diarioregionaldigital.com.br\/?p=168006","title":{"rendered":"GP da Turquia pode ter corrida com port\u00f5es abertos e presen\u00e7a de 100 mil pessoas"},"content":{"rendered":"<p><span style=\"font-weight: 400;\">Durante uma coletiva realizada nesta ter\u00e7a-feira (1), os organizadores do GP da Turquia de F1, planejam realizar a etapa com port\u00f5es abertos e presen\u00e7a de 100 pessoas por dia, durante o fim de semana entre os dias 13 e 15 de novembro deste ano.<\/span><\/p>\n<p><span style=\"font-weight: 400;\">A ideia de permitir entrada do p\u00fablico se deu ap\u00f3s o an\u00fancio de que o GP da Toscana em Mugello na It\u00e1lia, ter\u00e1 acesso disponibilizado para 3 mil torcedores.<\/span><\/p>\n<p><span style=\"font-weight: 400;\">Segundo Vural Ak, que representa a Intercity, empresa que organizar\u00e1 a prova, explicou durante a coletiva que o n\u00famero previsto \u00e9 menos da metade da capacidade do aut\u00f3dromo que \u00e9 de 220 mil pessoas. Al\u00e9m disso, disse que se houver piora no cen\u00e1rio do Coronav\u00edrus, o plano pode ser suspenso:<\/span><\/p>\n<p><span style=\"font-weight: 400;\">\u201cPrecisamos estar preparados para tudo. Se a doen\u00e7a ficar pior que hoje, a\u00ed a corrida pode ser feita sem p\u00fablico. Por\u00e9m, sabemos a capacidade dessa pista. Cerca de 220 mil pessoas podem assistir \u00e0 corrida das arquibancadas e nas \u00e1reas abertas. No momento, por motivos de seguran\u00e7a, fechamos algumas partes e cerca de 100 mil pessoas poder\u00e3o assistir \u00e0 corrida seguindo regras de distanciamento social\u201d.\u00a0<\/span><\/p>\n<p><span style=\"font-weight: 400;\">At\u00e9 ent\u00e3o, o pa\u00eds acumula 271.705 casos confirmados e totaliza 6.417 \u00f3bitos, decorrentes da doen\u00e7a. O governo local declarou no m\u00eas de maio que a pandemia estava controlada, mesmo ap\u00f3s impor restri\u00e7\u00e3o de conv\u00edvio social.<\/span><\/p>\n<p><span style=\"font-weight: 400;\">Quanto \u00e0 venda de ingressos, a Intercity planeja valor bem acess\u00edvel para o p\u00fablico. A princ\u00edpio o acesso geral, no qual os espectadores ficam localizados ao redor do circuito e sem direito \u00e0s arquibancadas, custar\u00e1 30 liras turcas (cerca de R$ 22) por dia, total de 90 liras turcas (R$ 66) pelos tr\u00eas dias de carros na pista:<\/span><\/p>\n<p><span style=\"font-weight: 400;\">\u201cA F\u00f3rmula 1 segue alguns padr\u00f5es e os ingressos costumam ter um pre\u00e7o mais ou menos definido. Contudo, n\u00e3o estamos pensando em ganhos financeiros, al\u00e9m de termos sido encorajados pelo governo. Os pre\u00e7os dos ingressos ser\u00e3o de 30 liras turcas por dia, total de 90 pelos tr\u00eas dias. Come\u00e7aremos a vender semana que vem e achamos que vender\u00e1 de forma veloz\u201d.\u00a0<\/span><\/p>\n<p><span style=\"font-weight: 400;\">Ausente do calend\u00e1rio da principal categoria do automobilismo mundial desde 2011, o Circuito de Istambul Park na Turquia, voltar\u00e1 a receber a F1 nesta temporada. A Federa\u00e7\u00e3o Internacional de Automobilismo (FIA) determinou que a prova em solo turco ser\u00e1 realizada no dia 15 de novembro. Esta data pertencia ao GP do Brasil, por\u00e9m por conta do cen\u00e1rio do Coronav\u00edrus, a prova foi cancelada.<\/span><\/p>\n<p><b>Retorno da Turquia<\/b><\/p>\n<p><span style=\"font-weight: 400;\">O aut\u00f3dromo recebeu a categoria pela primeira vez em 2005 e foi bastante elogiado pelos pilotos, por conta do tra\u00e7ado desafiador e por ter pontos de ultrapassagem. Entretanto, por conta da falta de interesse do p\u00fablico e tamb\u00e9m do acesso, o aut\u00f3dromo deixou o calend\u00e1rio da categoria em 2011 e o \u00faltimo vencedor foi Sebastian Vettel, na \u00e9poca pela Red Bull.\u00a0<\/span><\/p>\n<p><span style=\"font-weight: 400;\">Al\u00e9m disso, o maior vencedor \u00e9 o brasileiro Felipe Massa, que venceu tr\u00eas vezes seguidas com a Ferrari (2006, 2007 e 2008) e foi nesta pista que conquistou sua primeira vit\u00f3ria na carreira. Dos pilotos ainda em atividade, Lewis Hamilton (2010), Sebastian Vettel (2011) e Kimi Raikkonen (2005) tem uma vit\u00f3ria cada. O outro ganhador foi Jenson Button em 2009, justamente no ano em que foi campe\u00e3o do mundo.<\/span><\/p>\n<p><b>Inclus\u00e3o de outras provas<\/b><\/p>\n<p><span style=\"font-weight: 400;\">No decorrer do ano, a F1 proporcionou em seu calend\u00e1rio adaptado, o retorno dos circuitos de \u00cdmola na It\u00e1lia e Nurburgring na Alemanha. Al\u00e9m disso, incluiu tamb\u00e9m Mugello, tamb\u00e9m em solo italiano e Portim\u00e3o em Portugal.<\/span><\/p>\n","protected":false},"excerpt":{"rendered":"<p>Durante uma coletiva realizada nesta ter\u00e7a-feira (1), os organizadores do GP da Turquia de F1, planejam realizar a etapa com port\u00f5es abertos e presen\u00e7a de 100 pessoas por dia, durante o fim de semana entre os dias 13 e 15 de novembro deste ano. A ideia de permitir entrada do p\u00fablico se deu ap\u00f3s o [&hellip;]<\/p>\n","protected":false},"author":96,"featured_media":168007,"comment_status":"closed","ping_status":"closed","sticky":false,"template":"","format":"standard","meta":{"footnotes":""},"categories":[436,257,439],"tags":[],"class_list":["post-168006","post","type-post","status-publish","format-standard","has-post-thumbnail","hentry","category-destaque-da-semana","category-esporte","category-ultima-hora"],"_links":{"self":[{"href":"https:\/\/diarioregionaldigital.com.br\/index.php?rest_route=\/wp\/v2\/posts\/168006","targetHints":{"allow":["GET"]}}],"collection":[{"href":"https:\/\/diarioregionaldigital.com.br\/index.php?rest_route=\/wp\/v2\/posts"}],"about":[{"href":"https:\/\/diarioregionaldigital.com.br\/index.php?rest_route=\/wp\/v2\/types\/post"}],"author":[{"embeddable":true,"href":"https:\/\/diarioregionaldigital.com.br\/index.php?rest_route=\/wp\/v2\/users\/96"}],"replies":[{"embeddable":true,"href":"https:\/\/diarioregionaldigital.com.br\/index.php?rest_route=%2Fwp%2Fv2%2Fcomments&post=168006"}],"version-history":[{"count":0,"href":"https:\/\/diarioregionaldigital.com.br\/index.php?rest_route=\/wp\/v2\/posts\/168006\/revisions"}],"wp:featuredmedia":[{"embeddable":true,"href":"https:\/\/diarioregionaldigital.com.br\/index.php?rest_route=\/wp\/v2\/media\/168007"}],"wp:attachment":[{"href":"https:\/\/diarioregionaldigital.com.br\/index.php?rest_route=%2Fwp%2Fv2%2Fmedia&parent=168006"}],"wp:term":[{"taxonomy":"category","embeddable":true,"href":"https:\/\/diarioregionaldigital.com.br\/index.php?rest_route=%2Fwp%2Fv2%2Fcategories&post=168006"},{"taxonomy":"post_tag","embeddable":true,"href":"https:\/\/diarioregionaldigital.com.br\/index.php?rest_route=%2Fwp%2Fv2%2Ftags&post=168006"}],"curies":[{"name":"wp","href":"https:\/\/api.w.org\/{rel}","templated":true}]}}