{"id":167994,"date":"2020-09-01T13:57:37","date_gmt":"2020-09-01T16:57:37","guid":{"rendered":"https:\/\/diarioregionaldigital.com.br\/?p=167994"},"modified":"2020-09-01T13:57:37","modified_gmt":"2020-09-01T16:57:37","slug":"governo-de-minas-concede-selo-e-viabiliza-construcao-da-arena-do-galo","status":"publish","type":"post","link":"https:\/\/diarioregionaldigital.com.br\/?p=167994","title":{"rendered":"Governo de Minas concede selo e viabiliza constru\u00e7\u00e3o da Arena do Galo"},"content":{"rendered":"<p><span style=\"font-weight: 400;\">A Ag\u00eancia de Desenvolvimento da Regi\u00e3o Metropolitana de Belo Horizonte (Ag\u00eancia RMBH), concluiu o exame e emitiu o selo de anu\u00eancia pr\u00e9via metropolitana para a \u00e1rea em que ser\u00e1 constru\u00edda a Arena do Clube Atl\u00e9tico Mineiro, nessa segunda-feira (31). Em dezembro de 2019, a Arena do Galo obteve a Licen\u00e7a de Instala\u00e7\u00e3o. As obras come\u00e7aram em abril deste ano, mas, para a etapa de edifica\u00e7\u00e3o, era preciso o alvar\u00e1 da Prefeitura de Belo Horizonte (PBH) e o selo de anu\u00eancia do Estado.<\/span><\/p>\n<p><span style=\"font-weight: 400;\">A Ag\u00eancia RMBH, do Governo de Minas, analisa e emite a anu\u00eancia pr\u00e9via em todos os projetos de parcelamento de solo localizados na Regi\u00e3o Metropolitana de Belo Horizonte (RMBH). A an\u00e1lise t\u00e9cnica busca garantir o crescimento ordenado da Grande BH, de modo a evitar distor\u00e7\u00f5es no territ\u00f3rio e propiciar a qualifica\u00e7\u00e3o do espa\u00e7o urbano.<\/span><\/p>\n<p><span style=\"font-weight: 400;\">O diretor de Regula\u00e7\u00e3o Metropolitana, Elvis Gaia, ressalta a import\u00e2ncia da an\u00e1lise t\u00e9cnica, considerando que o novo est\u00e1dio ter\u00e1 uma abrang\u00eancia regional. \u201cA emiss\u00e3o da anu\u00eancia metropolitana permite que o est\u00e1dio seja definitivamente implantado, mediante aprova\u00e7\u00e3o do reparcelamento do solo e de um novo planejamento urbano para ocupa\u00e7\u00e3o do entorno\u201d, explica.<\/span><\/p>\n<p><b>Arena MRV<\/b><\/p>\n<p><span style=\"font-weight: 400;\">A Arena MRV ser\u00e1 localizado no bairro Calif\u00f3rnia, regi\u00e3o Noroeste de Belo Horizonte. O est\u00e1dio vai pertencer ao Clube Atl\u00e9tico Mineiro, que mandar\u00e1 seus jogos no local. A obra ter\u00e1 capacidade para 46 mil torcedores. De acordo com os respons\u00e1veis, o espa\u00e7o ser\u00e1 multiuso e contar\u00e1 com 40 bares, 68 camarotes e 2,4 mil vagas de estacionamento. A inaugura\u00e7\u00e3o est\u00e1 programada para 2022.<\/span><\/p>\n<p><span style=\"font-weight: 400;\">O secret\u00e1rio-adjunto de Desenvolvimento Econ\u00f4mico, Fernando Passalio, destaca a import\u00e2ncia da anu\u00eancia. \u201cMuito mais que um espa\u00e7o para eventos, o est\u00e1dio representa uma entrega importante para o setor de Turismo e servi\u00e7os, alavancando ainda mais a economia mineira, por meio da gera\u00e7\u00e3o de emprego e renda\u201d, afirma. \u201cA atua\u00e7\u00e3o da Ag\u00eancia RMBH garantiu celeridade na aprova\u00e7\u00e3o, seguindo o compromisso do Governo de Minas de facilitar o ambiente do estado para investimentos\u201d, complementou o secret\u00e1rio-geral do Estado, Mateus Sim\u00f5es.\u00a0<\/span><\/p>\n<p><strong>Fonte:<\/strong> Ag\u00eancia Minas<\/p>\n","protected":false},"excerpt":{"rendered":"<p>A Ag\u00eancia de Desenvolvimento da Regi\u00e3o Metropolitana de Belo Horizonte (Ag\u00eancia RMBH), concluiu o exame e emitiu o selo de anu\u00eancia pr\u00e9via metropolitana para a \u00e1rea em que ser\u00e1 constru\u00edda a Arena do Clube Atl\u00e9tico Mineiro, nessa segunda-feira (31). Em dezembro de 2019, a Arena do Galo obteve a Licen\u00e7a de Instala\u00e7\u00e3o. As obras come\u00e7aram [&hellip;]<\/p>\n","protected":false},"author":96,"featured_media":167995,"comment_status":"closed","ping_status":"closed","sticky":false,"template":"","format":"standard","meta":{"footnotes":""},"categories":[436,257,439],"tags":[],"class_list":["post-167994","post","type-post","status-publish","format-standard","has-post-thumbnail","hentry","category-destaque-da-semana","category-esporte","category-ultima-hora"],"_links":{"self":[{"href":"https:\/\/diarioregionaldigital.com.br\/index.php?rest_route=\/wp\/v2\/posts\/167994","targetHints":{"allow":["GET"]}}],"collection":[{"href":"https:\/\/diarioregionaldigital.com.br\/index.php?rest_route=\/wp\/v2\/posts"}],"about":[{"href":"https:\/\/diarioregionaldigital.com.br\/index.php?rest_route=\/wp\/v2\/types\/post"}],"author":[{"embeddable":true,"href":"https:\/\/diarioregionaldigital.com.br\/index.php?rest_route=\/wp\/v2\/users\/96"}],"replies":[{"embeddable":true,"href":"https:\/\/diarioregionaldigital.com.br\/index.php?rest_route=%2Fwp%2Fv2%2Fcomments&post=167994"}],"version-history":[{"count":0,"href":"https:\/\/diarioregionaldigital.com.br\/index.php?rest_route=\/wp\/v2\/posts\/167994\/revisions"}],"wp:featuredmedia":[{"embeddable":true,"href":"https:\/\/diarioregionaldigital.com.br\/index.php?rest_route=\/wp\/v2\/media\/167995"}],"wp:attachment":[{"href":"https:\/\/diarioregionaldigital.com.br\/index.php?rest_route=%2Fwp%2Fv2%2Fmedia&parent=167994"}],"wp:term":[{"taxonomy":"category","embeddable":true,"href":"https:\/\/diarioregionaldigital.com.br\/index.php?rest_route=%2Fwp%2Fv2%2Fcategories&post=167994"},{"taxonomy":"post_tag","embeddable":true,"href":"https:\/\/diarioregionaldigital.com.br\/index.php?rest_route=%2Fwp%2Fv2%2Ftags&post=167994"}],"curies":[{"name":"wp","href":"https:\/\/api.w.org\/{rel}","templated":true}]}}