{"id":167991,"date":"2020-09-01T13:52:59","date_gmt":"2020-09-01T16:52:59","guid":{"rendered":"https:\/\/diarioregionaldigital.com.br\/?p=167991"},"modified":"2020-09-01T13:52:59","modified_gmt":"2020-09-01T16:52:59","slug":"manutencao-em-adutora-afeta-fornecimento-de-agua-na-cidade-alta","status":"publish","type":"post","link":"https:\/\/diarioregionaldigital.com.br\/?p=167991","title":{"rendered":"Manuten\u00e7\u00e3o em adutora afeta fornecimento de \u00e1gua na Cidade Alta"},"content":{"rendered":"<div id=\"box_texto_noticia\">Nesta quarta-feira (2), de 8 \u00e0s 16 horas, a Companhia de Saneamento Municipal (Cesama) efetuar\u00e1 manuten\u00e7\u00e3o da adutora de \u00e1gua bruta que atende \u00e0 regi\u00e3o de Cidade Alta. Para execu\u00e7\u00e3o do servi\u00e7o, ser\u00e1 necess\u00e1rio interromper o funcionamento do sistema local, o que afetar\u00e1 o fornecimento de \u00e1gua na Cidade Alta, al\u00e9m dos bairros Borboleta, Parque das \u00c1guas e Nova Germ\u00e2nia.<\/p>\n<p>A companhia pede aos moradores que economizem \u00e1gua durante realiza\u00e7\u00e3o da manuten\u00e7\u00e3o. A previs\u00e3o \u00e9 de que o abastecimento seja normalizado ao longo da quinta-feira (3).<\/p><\/div>\n<div><\/div>\n<div><strong>Fonte:<\/strong> Assessoria<\/div>\n<p>&nbsp;<\/p>\n<div id=\"box_compartilhar\" align=\"right\"><\/div>\n<div align=\"right\"><\/div>\n","protected":false},"excerpt":{"rendered":"<p>Nesta quarta-feira (2), de 8 \u00e0s 16 horas, a Companhia de Saneamento Municipal (Cesama) efetuar\u00e1 manuten\u00e7\u00e3o da adutora de \u00e1gua bruta que atende \u00e0 regi\u00e3o de Cidade Alta. Para execu\u00e7\u00e3o do servi\u00e7o, ser\u00e1 necess\u00e1rio interromper o funcionamento do sistema local, o que afetar\u00e1 o fornecimento de \u00e1gua na Cidade Alta, al\u00e9m dos bairros Borboleta, Parque [&hellip;]<\/p>\n","protected":false},"author":96,"featured_media":167992,"comment_status":"closed","ping_status":"closed","sticky":false,"template":"","format":"standard","meta":{"footnotes":""},"categories":[253,436,439],"tags":[],"class_list":["post-167991","post","type-post","status-publish","format-standard","has-post-thumbnail","hentry","category-cidade","category-destaque-da-semana","category-ultima-hora"],"_links":{"self":[{"href":"https:\/\/diarioregionaldigital.com.br\/index.php?rest_route=\/wp\/v2\/posts\/167991","targetHints":{"allow":["GET"]}}],"collection":[{"href":"https:\/\/diarioregionaldigital.com.br\/index.php?rest_route=\/wp\/v2\/posts"}],"about":[{"href":"https:\/\/diarioregionaldigital.com.br\/index.php?rest_route=\/wp\/v2\/types\/post"}],"author":[{"embeddable":true,"href":"https:\/\/diarioregionaldigital.com.br\/index.php?rest_route=\/wp\/v2\/users\/96"}],"replies":[{"embeddable":true,"href":"https:\/\/diarioregionaldigital.com.br\/index.php?rest_route=%2Fwp%2Fv2%2Fcomments&post=167991"}],"version-history":[{"count":0,"href":"https:\/\/diarioregionaldigital.com.br\/index.php?rest_route=\/wp\/v2\/posts\/167991\/revisions"}],"wp:featuredmedia":[{"embeddable":true,"href":"https:\/\/diarioregionaldigital.com.br\/index.php?rest_route=\/wp\/v2\/media\/167992"}],"wp:attachment":[{"href":"https:\/\/diarioregionaldigital.com.br\/index.php?rest_route=%2Fwp%2Fv2%2Fmedia&parent=167991"}],"wp:term":[{"taxonomy":"category","embeddable":true,"href":"https:\/\/diarioregionaldigital.com.br\/index.php?rest_route=%2Fwp%2Fv2%2Fcategories&post=167991"},{"taxonomy":"post_tag","embeddable":true,"href":"https:\/\/diarioregionaldigital.com.br\/index.php?rest_route=%2Fwp%2Fv2%2Ftags&post=167991"}],"curies":[{"name":"wp","href":"https:\/\/api.w.org\/{rel}","templated":true}]}}