{"id":167989,"date":"2020-09-01T13:49:43","date_gmt":"2020-09-01T16:49:43","guid":{"rendered":"https:\/\/diarioregionaldigital.com.br\/?p=167989"},"modified":"2020-09-01T13:49:43","modified_gmt":"2020-09-01T16:49:43","slug":"pm-recolhe-drogas-e-arma-de-fogo-no-borboleta","status":"publish","type":"post","link":"https:\/\/diarioregionaldigital.com.br\/?p=167989","title":{"rendered":"PM recolhe drogas e arma de fogo no Borboleta"},"content":{"rendered":"<p>Durante um patrulhamento realizado na madrugada desta ter\u00e7a-feira (1) pelo Bairro Borboleta (Regi\u00e3o Oeste), a Pol\u00edcia Militar (PM) se deparou com um indiv\u00edduo em atitude suspeita, trajando jaqueta camuflada, que ao avistar os militares, empreendeu fuga do local e no meio do trajeto arremessou um rev\u00f3lver calibre 32, duas bolas de haxixe e sete buchas de maconha. A guarni\u00e7\u00e3o perseguiu o autor, por\u00e9m o mesmo fugiu do local. Os materiais foram recolhidos e encaminhados para a Delegacia.<\/p>\n","protected":false},"excerpt":{"rendered":"<p>Durante um patrulhamento realizado na madrugada desta ter\u00e7a-feira (1) pelo Bairro Borboleta (Regi\u00e3o Oeste), a Pol\u00edcia Militar (PM) se deparou com um indiv\u00edduo em atitude suspeita, trajando jaqueta camuflada, que ao avistar os militares, empreendeu fuga do local e no meio do trajeto arremessou um rev\u00f3lver calibre 32, duas bolas de haxixe e sete buchas [&hellip;]<\/p>\n","protected":false},"author":96,"featured_media":165308,"comment_status":"closed","ping_status":"closed","sticky":false,"template":"","format":"standard","meta":{"footnotes":""},"categories":[301,436,439],"tags":[],"class_list":["post-167989","post","type-post","status-publish","format-standard","has-post-thumbnail","hentry","category-artigos-policiais","category-destaque-da-semana","category-ultima-hora"],"_links":{"self":[{"href":"https:\/\/diarioregionaldigital.com.br\/index.php?rest_route=\/wp\/v2\/posts\/167989","targetHints":{"allow":["GET"]}}],"collection":[{"href":"https:\/\/diarioregionaldigital.com.br\/index.php?rest_route=\/wp\/v2\/posts"}],"about":[{"href":"https:\/\/diarioregionaldigital.com.br\/index.php?rest_route=\/wp\/v2\/types\/post"}],"author":[{"embeddable":true,"href":"https:\/\/diarioregionaldigital.com.br\/index.php?rest_route=\/wp\/v2\/users\/96"}],"replies":[{"embeddable":true,"href":"https:\/\/diarioregionaldigital.com.br\/index.php?rest_route=%2Fwp%2Fv2%2Fcomments&post=167989"}],"version-history":[{"count":0,"href":"https:\/\/diarioregionaldigital.com.br\/index.php?rest_route=\/wp\/v2\/posts\/167989\/revisions"}],"wp:featuredmedia":[{"embeddable":true,"href":"https:\/\/diarioregionaldigital.com.br\/index.php?rest_route=\/wp\/v2\/media\/165308"}],"wp:attachment":[{"href":"https:\/\/diarioregionaldigital.com.br\/index.php?rest_route=%2Fwp%2Fv2%2Fmedia&parent=167989"}],"wp:term":[{"taxonomy":"category","embeddable":true,"href":"https:\/\/diarioregionaldigital.com.br\/index.php?rest_route=%2Fwp%2Fv2%2Fcategories&post=167989"},{"taxonomy":"post_tag","embeddable":true,"href":"https:\/\/diarioregionaldigital.com.br\/index.php?rest_route=%2Fwp%2Fv2%2Ftags&post=167989"}],"curies":[{"name":"wp","href":"https:\/\/api.w.org\/{rel}","templated":true}]}}