{"id":167987,"date":"2020-09-01T13:43:48","date_gmt":"2020-09-01T16:43:48","guid":{"rendered":"https:\/\/diarioregionaldigital.com.br\/?p=167987"},"modified":"2020-09-01T13:43:48","modified_gmt":"2020-09-01T16:43:48","slug":"residencia-no-bairro-coracao-sagrado-de-jesus-e-invadida-por-tres-individuos-armados","status":"publish","type":"post","link":"https:\/\/diarioregionaldigital.com.br\/?p=167987","title":{"rendered":"Resid\u00eancia no Bairro Cora\u00e7\u00e3o Sagrado de Jesus \u00e9 invadida por tr\u00eas indiv\u00edduos armados"},"content":{"rendered":"<p>Na noite de segunda-feira (31), uma casa localizada no Bairro Cora\u00e7\u00e3o Sagrado de Jesus (Regi\u00e3o Sul), foi invadida por tr\u00eas indiv\u00edduos armados e os mesmos renderam seis moradores sendo uma jovem de 27 e uma mulher de 40 anos, um homem de 57, e tr\u00eas crian\u00e7as, com idades n\u00e3o reveladas. Durante o ato, as v\u00edtimas foram conduzidas para a sala do im\u00f3vel e foram amarradas. Os autores reviraram todos os c\u00f4modos e levaram uma bolsa contendo chaves, um videogame Xbox One, dois celulares, um cord\u00e3o, diversos an\u00e9is e uma caminhonete.<\/p>\n<p>Ap\u00f3s o roubo, os infratores fugiram do local, levando o homem de 57 anos em seu pr\u00f3prio ve\u00edculo. A v\u00edtima foi abandonada em uma estrada que liga o bairro \u00e0 Avenida Deusdedith Salgado e foi resgatada com ferimentos no rosto e um corte no p\u00e9. Posteriormente foi encaminhada ao Hospital Monte Sinai, onde foi medicada e liberada. Em relatos \u00e0 Pol\u00edcia Militar (PM), o rapaz diz que os bandidos o conheciam, pois o chamavam pelo nome. O autom\u00f3vel roubado n\u00e3o foi encontrado, bem como os autores do crime.<\/p>\n","protected":false},"excerpt":{"rendered":"<p>Na noite de segunda-feira (31), uma casa localizada no Bairro Cora\u00e7\u00e3o Sagrado de Jesus (Regi\u00e3o Sul), foi invadida por tr\u00eas indiv\u00edduos armados e os mesmos renderam seis moradores sendo uma jovem de 27 e uma mulher de 40 anos, um homem de 57, e tr\u00eas crian\u00e7as, com idades n\u00e3o reveladas. Durante o ato, as v\u00edtimas [&hellip;]<\/p>\n","protected":false},"author":96,"featured_media":165308,"comment_status":"closed","ping_status":"closed","sticky":false,"template":"","format":"standard","meta":{"footnotes":""},"categories":[301,436,440,439],"tags":[],"class_list":["post-167987","post","type-post","status-publish","format-standard","has-post-thumbnail","hentry","category-artigos-policiais","category-destaque-da-semana","category-destaques-do-dia","category-ultima-hora"],"_links":{"self":[{"href":"https:\/\/diarioregionaldigital.com.br\/index.php?rest_route=\/wp\/v2\/posts\/167987","targetHints":{"allow":["GET"]}}],"collection":[{"href":"https:\/\/diarioregionaldigital.com.br\/index.php?rest_route=\/wp\/v2\/posts"}],"about":[{"href":"https:\/\/diarioregionaldigital.com.br\/index.php?rest_route=\/wp\/v2\/types\/post"}],"author":[{"embeddable":true,"href":"https:\/\/diarioregionaldigital.com.br\/index.php?rest_route=\/wp\/v2\/users\/96"}],"replies":[{"embeddable":true,"href":"https:\/\/diarioregionaldigital.com.br\/index.php?rest_route=%2Fwp%2Fv2%2Fcomments&post=167987"}],"version-history":[{"count":0,"href":"https:\/\/diarioregionaldigital.com.br\/index.php?rest_route=\/wp\/v2\/posts\/167987\/revisions"}],"wp:featuredmedia":[{"embeddable":true,"href":"https:\/\/diarioregionaldigital.com.br\/index.php?rest_route=\/wp\/v2\/media\/165308"}],"wp:attachment":[{"href":"https:\/\/diarioregionaldigital.com.br\/index.php?rest_route=%2Fwp%2Fv2%2Fmedia&parent=167987"}],"wp:term":[{"taxonomy":"category","embeddable":true,"href":"https:\/\/diarioregionaldigital.com.br\/index.php?rest_route=%2Fwp%2Fv2%2Fcategories&post=167987"},{"taxonomy":"post_tag","embeddable":true,"href":"https:\/\/diarioregionaldigital.com.br\/index.php?rest_route=%2Fwp%2Fv2%2Ftags&post=167987"}],"curies":[{"name":"wp","href":"https:\/\/api.w.org\/{rel}","templated":true}]}}