{"id":167983,"date":"2020-09-01T13:27:02","date_gmt":"2020-09-01T16:27:02","guid":{"rendered":"https:\/\/diarioregionaldigital.com.br\/?p=167983"},"modified":"2020-09-01T13:27:02","modified_gmt":"2020-09-01T16:27:02","slug":"adolescente-e-preso-por-trafico-de-drogas-no-retiro","status":"publish","type":"post","link":"https:\/\/diarioregionaldigital.com.br\/?p=167983","title":{"rendered":"Adolescente \u00e9 preso por tr\u00e1fico de drogas no Retiro"},"content":{"rendered":"<p>Um adolescente de 17 anos, foi preso pela Pol\u00edcia Militar (PM) na tarde de segunda-feira (31), por envolvimento em tr\u00e1fico de drogas no Bairro Retiro (Regi\u00e3o Sudeste) em Juiz de Fora. Os militares realizavam patrulhamento pelo local e avistaram o menor infrator em atitude suspeita, que ao notar a presen\u00e7a policial, tentou empreender fuga mas sem sucesso.<\/p>\n<p>Durante abordagem, a guarni\u00e7\u00e3o recolheu uma\u00a0 sacola pl\u00e1stica contendo 30 pedras de crack, 18 buchas de maconha, um telefone celular e a quantia de R$ 367,70 em dinheiro. Diante dos fatos, o adolescente foi preso em flagrante e conduzido para a Delegacia, junto com os materiais apreendidos.<\/p>\n","protected":false},"excerpt":{"rendered":"<p>Um adolescente de 17 anos, foi preso pela Pol\u00edcia Militar (PM) na tarde de segunda-feira (31), por envolvimento em tr\u00e1fico de drogas no Bairro Retiro (Regi\u00e3o Sudeste) em Juiz de Fora. Os militares realizavam patrulhamento pelo local e avistaram o menor infrator em atitude suspeita, que ao notar a presen\u00e7a policial, tentou empreender fuga mas [&hellip;]<\/p>\n","protected":false},"author":96,"featured_media":165308,"comment_status":"closed","ping_status":"closed","sticky":false,"template":"","format":"standard","meta":{"footnotes":""},"categories":[301,436,439],"tags":[],"class_list":["post-167983","post","type-post","status-publish","format-standard","has-post-thumbnail","hentry","category-artigos-policiais","category-destaque-da-semana","category-ultima-hora"],"_links":{"self":[{"href":"https:\/\/diarioregionaldigital.com.br\/index.php?rest_route=\/wp\/v2\/posts\/167983","targetHints":{"allow":["GET"]}}],"collection":[{"href":"https:\/\/diarioregionaldigital.com.br\/index.php?rest_route=\/wp\/v2\/posts"}],"about":[{"href":"https:\/\/diarioregionaldigital.com.br\/index.php?rest_route=\/wp\/v2\/types\/post"}],"author":[{"embeddable":true,"href":"https:\/\/diarioregionaldigital.com.br\/index.php?rest_route=\/wp\/v2\/users\/96"}],"replies":[{"embeddable":true,"href":"https:\/\/diarioregionaldigital.com.br\/index.php?rest_route=%2Fwp%2Fv2%2Fcomments&post=167983"}],"version-history":[{"count":0,"href":"https:\/\/diarioregionaldigital.com.br\/index.php?rest_route=\/wp\/v2\/posts\/167983\/revisions"}],"wp:featuredmedia":[{"embeddable":true,"href":"https:\/\/diarioregionaldigital.com.br\/index.php?rest_route=\/wp\/v2\/media\/165308"}],"wp:attachment":[{"href":"https:\/\/diarioregionaldigital.com.br\/index.php?rest_route=%2Fwp%2Fv2%2Fmedia&parent=167983"}],"wp:term":[{"taxonomy":"category","embeddable":true,"href":"https:\/\/diarioregionaldigital.com.br\/index.php?rest_route=%2Fwp%2Fv2%2Fcategories&post=167983"},{"taxonomy":"post_tag","embeddable":true,"href":"https:\/\/diarioregionaldigital.com.br\/index.php?rest_route=%2Fwp%2Fv2%2Ftags&post=167983"}],"curies":[{"name":"wp","href":"https:\/\/api.w.org\/{rel}","templated":true}]}}