{"id":167973,"date":"2020-09-01T11:03:12","date_gmt":"2020-09-01T14:03:12","guid":{"rendered":"https:\/\/diarioregionaldigital.com.br\/?p=167973"},"modified":"2020-09-01T11:03:12","modified_gmt":"2020-09-01T14:03:12","slug":"pib-tem-queda-recorde-de-97-no-2o-trimestre-auge-do-isolamento-social","status":"publish","type":"post","link":"https:\/\/diarioregionaldigital.com.br\/?p=167973","title":{"rendered":"PIB tem queda recorde de 9,7% no 2\u00ba trimestre, auge do isolamento social"},"content":{"rendered":"<p><span style=\"font-weight: 400;\">O Produto Interno Bruto (PIB) do pa\u00eds encolheu 9,7% no segundo trimestre de 2020, na compara\u00e7\u00e3o com o trimestre anterior, auge do distanciamento social adotado para controle da pandemia de Covid-19. Essa \u00e9 a segunda queda trimestral seguida e o menor resultado para a economia desde o in\u00edcio da s\u00e9rie hist\u00f3rica, em 1996, segundo o Sistema de Contas Nacionais Trimestrais, divulgado nesta ter\u00e7a-feira (1) pelo IBGE.<\/span><\/p>\n<p><span style=\"font-weight: 400;\">Em valores correntes, o PIB, que \u00e9 soma dos bens e servi\u00e7os produzidos no Brasil, somou R$ 1,653 trilh\u00e3o de abril a junho. Ap\u00f3s revis\u00e3o da queda do primeiro trimestre de -1,5% para -2,5%, a economia acumulou queda de 5,9% no primeiro semestre do ano. Nos \u00faltimos quatro trimestres, encolheu 2,2%, e na compara\u00e7\u00e3o com o segundo trimestre do ano passado, o recuo foi de 11,4%. O PIB est\u00e1 no mesmo patamar do final de 2009, auge dos impactos da crise global provocada pela onda de quebras na economia americana.<\/span><\/p>\n<p><span style=\"font-weight: 400;\">A retra\u00e7\u00e3o da economia resulta das quedas hist\u00f3ricas de 12,3% na ind\u00fastria e de 9,7% nos servi\u00e7os. Somados, ind\u00fastria e servi\u00e7os representam 95% do PIB nacional. J\u00e1 a agropecu\u00e1ria cresceu 0,4%, puxada, principalmente, pela produ\u00e7\u00e3o de soja e caf\u00e9.<\/span><\/p>\n<p><span style=\"font-weight: 400;\">\u201cEsses resultados referem-se ao auge do isolamento social, quando diversas atividades econ\u00f4micas foram parcial ou totalmente paralisadas para enfrentamento da pandemia\u201d, explicou a coordenadora de Contas Nacionais do IBGE, Rebeca Palis.<\/span><\/p>\n<p><span style=\"font-weight: 400;\">Na ind\u00fastria, o recuo se deve \u00e0s quedas de 17,5% nas ind\u00fastrias de transforma\u00e7\u00e3o, 5,7% na constru\u00e7\u00e3o, 4,4% na atividade de eletricidade e g\u00e1s, \u00e1gua, esgoto, atividades de gest\u00e3o de res\u00edduos e 1,1% nas ind\u00fastrias extrativas.<\/span><\/p>\n<p><span style=\"font-weight: 400;\">\u201cNos servi\u00e7os, a maior queda foi em outras atividades de servi\u00e7os (-19,8%), que engloba servi\u00e7os prestados \u00e0s fam\u00edlias. Tamb\u00e9m ca\u00edram transporte, armazenagem e correio (-19,3%) e com\u00e9rcio (-13,0%), que est\u00e3o relacionados \u00e0 ind\u00fastria de transforma\u00e7\u00e3o. Outros recuos vieram de administra\u00e7\u00e3o, defesa, sa\u00fade e educa\u00e7\u00e3o p\u00fablicas e seguridade social (-7,6%) e informa\u00e7\u00e3o e comunica\u00e7\u00e3o (-3,0%)\u201d, acrescentou a coordenadora.<\/span><\/p>\n<p><span style=\"font-weight: 400;\">Os \u00fanicos resultados positivos foram verificados em atividades financeiras, de seguros e servi\u00e7os relacionados (0,8%) e as atividades imobili\u00e1rias (0,5%).<\/span><\/p>\n<p><b>Consumo das fam\u00edlias tem queda recorde de 12,5%<\/b><\/p>\n<p><span style=\"font-weight: 400;\">Pelo lado da demanda, a maior queda foi no consumo das fam\u00edlias (-12,5%), que representa 65% do PIB. \u201cO consumo das fam\u00edlias n\u00e3o caiu mais porque tivemos programas de apoio financeiro do governo. Isso injetou liquidez na economia. Tamb\u00e9m houve um crescimento do cr\u00e9dito voltado \u00e0s pessoas f\u00edsicas, que compensou um pouco os efeitos negativos\u201d, disse Rebeca Palis.<\/span><\/p>\n<p><span style=\"font-weight: 400;\">O consumo do governo recuou 8,8% no segundo trimestre, muito por conta das quedas em sa\u00fade e educa\u00e7\u00e3o p\u00fablicas, explica a coordenadora do IBGE. \u201cNa sa\u00fade, os gastos ficaram mais focados no combate \u00e0 Covid-19, e as pessoas tiveram receio de buscar outros servi\u00e7os, como consultas e exames, durante a pandemia. Na educa\u00e7\u00e3o, utilizamos nas contas o percentual do Minist\u00e9rio da Educa\u00e7\u00e3o de alunos que tiveram aulas ou n\u00e3o. Isso fez com o que o consumo do governo ca\u00edsse bastante tamb\u00e9m\u201d, detalhou a coordenadora, destacando que o resultado n\u00e3o tem rela\u00e7\u00e3o com a pol\u00edtica fiscal.<\/span><\/p>\n<p><span style=\"font-weight: 400;\">Os investimentos (Forma\u00e7\u00e3o Bruta de Capital Fixo) tamb\u00e9m recuaram 15,4%, por conta da queda na constru\u00e7\u00e3o e na produ\u00e7\u00e3o interna de bens de capital. Somente importa\u00e7\u00e3o de bens de capital cresceu no per\u00edodo.<\/span><\/p>\n<p><span style=\"font-weight: 400;\">A balan\u00e7a de bens e servi\u00e7os registrou uma alta de 1,8% nas exporta\u00e7\u00f5es, enquanto as importa\u00e7\u00f5es recuaram 13,2%. \u201cEssa alta nas exporta\u00e7\u00f5es tem muito a ver com as commodities, produtos aliment\u00edcios e petr\u00f3leo. J\u00e1 as importa\u00e7\u00f5es ca\u00edram em v\u00e1rios setores, de ve\u00edculos, toda a parte de servi\u00e7o, viagens, j\u00e1 que tudo parou devido \u00e0 pandemia\u201d, disse a coordenadora de Contas Nacionais.<\/span><\/p>\n<p><span style=\"font-weight: 400;\">No acumulado do primeiro semestre, o PIB caiu 5,9% em rela\u00e7\u00e3o ao mesmo per\u00edodo de 2019, com desempenho positivo da agropecu\u00e1ria (1,6%). Na ind\u00fastria (-6,5%) e nos servi\u00e7os (-5,9%) os resultados foram negativos. \u201cEssa foi a primeira taxa semestral negativa desde 2017, quando est\u00e1vamos saindo da crise econ\u00f4mica que ocorreu, principalmente, entre 2015 e 2016. Agora, voltamos a uma nova queda no PIB\u201d, conclui Rebeca Palis.<\/span><\/p>\n<p><strong>Fonte:<\/strong> Ag\u00eancia IBGE<\/p>\n","protected":false},"excerpt":{"rendered":"<p>O Produto Interno Bruto (PIB) do pa\u00eds encolheu 9,7% no segundo trimestre de 2020, na compara\u00e7\u00e3o com o trimestre anterior, auge do distanciamento social adotado para controle da pandemia de Covid-19. Essa \u00e9 a segunda queda trimestral seguida e o menor resultado para a economia desde o in\u00edcio da s\u00e9rie hist\u00f3rica, em 1996, segundo o [&hellip;]<\/p>\n","protected":false},"author":96,"featured_media":167974,"comment_status":"closed","ping_status":"closed","sticky":false,"template":"","format":"standard","meta":{"footnotes":""},"categories":[436,261,439],"tags":[],"class_list":["post-167973","post","type-post","status-publish","format-standard","has-post-thumbnail","hentry","category-destaque-da-semana","category-economia","category-ultima-hora"],"_links":{"self":[{"href":"https:\/\/diarioregionaldigital.com.br\/index.php?rest_route=\/wp\/v2\/posts\/167973","targetHints":{"allow":["GET"]}}],"collection":[{"href":"https:\/\/diarioregionaldigital.com.br\/index.php?rest_route=\/wp\/v2\/posts"}],"about":[{"href":"https:\/\/diarioregionaldigital.com.br\/index.php?rest_route=\/wp\/v2\/types\/post"}],"author":[{"embeddable":true,"href":"https:\/\/diarioregionaldigital.com.br\/index.php?rest_route=\/wp\/v2\/users\/96"}],"replies":[{"embeddable":true,"href":"https:\/\/diarioregionaldigital.com.br\/index.php?rest_route=%2Fwp%2Fv2%2Fcomments&post=167973"}],"version-history":[{"count":0,"href":"https:\/\/diarioregionaldigital.com.br\/index.php?rest_route=\/wp\/v2\/posts\/167973\/revisions"}],"wp:featuredmedia":[{"embeddable":true,"href":"https:\/\/diarioregionaldigital.com.br\/index.php?rest_route=\/wp\/v2\/media\/167974"}],"wp:attachment":[{"href":"https:\/\/diarioregionaldigital.com.br\/index.php?rest_route=%2Fwp%2Fv2%2Fmedia&parent=167973"}],"wp:term":[{"taxonomy":"category","embeddable":true,"href":"https:\/\/diarioregionaldigital.com.br\/index.php?rest_route=%2Fwp%2Fv2%2Fcategories&post=167973"},{"taxonomy":"post_tag","embeddable":true,"href":"https:\/\/diarioregionaldigital.com.br\/index.php?rest_route=%2Fwp%2Fv2%2Ftags&post=167973"}],"curies":[{"name":"wp","href":"https:\/\/api.w.org\/{rel}","templated":true}]}}