{"id":167971,"date":"2020-09-01T10:54:22","date_gmt":"2020-09-01T13:54:22","guid":{"rendered":"https:\/\/diarioregionaldigital.com.br\/?p=167971"},"modified":"2020-09-01T10:54:22","modified_gmt":"2020-09-01T13:54:22","slug":"beneficiarios-nascidos-em-agosto-podem-sacar-auxilio-hoje","status":"publish","type":"post","link":"https:\/\/diarioregionaldigital.com.br\/?p=167971","title":{"rendered":"Benefici\u00e1rios nascidos em agosto podem sacar aux\u00edlio hoje"},"content":{"rendered":"<p>Cerca de 4 milh\u00f5es de benefici\u00e1rios do aux\u00edlio emergencial nascidos em agosto poder\u00e3o sacar o dinheiro hoje (1\u00ba). Tamb\u00e9m est\u00e3o liberadas as transfer\u00eancias dos recursos para outras contas.<img decoding=\"async\" src=\"https:\/\/agenciabrasil.ebc.com.br\/ebc.png?id=1386619&amp;o=node\" \/><img decoding=\"async\" src=\"https:\/\/agenciabrasil.ebc.com.br\/ebc.gif?id=1386619&amp;o=node\" \/><\/p>\n<p>Os benefici\u00e1rios com direito a saque e transfer\u00eancia hoje receberam o cr\u00e9dito na poupan\u00e7a social da Caixa no dia 14 de agosto.<\/p>\n<p>O aux\u00edlio, com parcelas de R$ 600 (R$ 1,2 mil para m\u00e3es solteiras), foi criado para reduzir os efeitos da crise econ\u00f4mica causada pela pandemia da covid-19.<\/p>\n<p>A Caixa tem disponibilizado o aux\u00edlio em uma poupan\u00e7a digital, acess\u00edvel pelo aplicativo Caixa Tem. Pelo programa \u00e9 poss\u00edvel fazer compras\u00a0<em>online<\/em>\u00a0em estabelecimentos autorizados e pagar boletos.<\/p>\n<p>O saque em dinheiro do benef\u00edcio, em uma ag\u00eancia do banco, \u00e9 autorizado posteriormente, conforme calend\u00e1rio definido pelo governo, considerando o m\u00eas de nascimento do benefici\u00e1rio. As transfer\u00eancias para outros bancos ou para contas na pr\u00f3pria Caixa seguem o mesmo calend\u00e1rio de saque. Nesse caso, os recursos s\u00e3o transferidos automaticamente para as contas indicadas pelo benefici\u00e1rio.<\/p>\n<p><strong>Fonte:\u00a0<\/strong>Ag\u00eancia Brasil<\/p>\n","protected":false},"excerpt":{"rendered":"<p>Cerca de 4 milh\u00f5es de benefici\u00e1rios do aux\u00edlio emergencial nascidos em agosto poder\u00e3o sacar o dinheiro hoje (1\u00ba). Tamb\u00e9m est\u00e3o liberadas as transfer\u00eancias dos recursos para outras contas. Os benefici\u00e1rios com direito a saque e transfer\u00eancia hoje receberam o cr\u00e9dito na poupan\u00e7a social da Caixa no dia 14 de agosto. O aux\u00edlio, com parcelas de [&hellip;]<\/p>\n","protected":false},"author":96,"featured_media":167604,"comment_status":"closed","ping_status":"closed","sticky":false,"template":"","format":"standard","meta":{"footnotes":""},"categories":[436,261,439],"tags":[],"class_list":["post-167971","post","type-post","status-publish","format-standard","has-post-thumbnail","hentry","category-destaque-da-semana","category-economia","category-ultima-hora"],"_links":{"self":[{"href":"https:\/\/diarioregionaldigital.com.br\/index.php?rest_route=\/wp\/v2\/posts\/167971","targetHints":{"allow":["GET"]}}],"collection":[{"href":"https:\/\/diarioregionaldigital.com.br\/index.php?rest_route=\/wp\/v2\/posts"}],"about":[{"href":"https:\/\/diarioregionaldigital.com.br\/index.php?rest_route=\/wp\/v2\/types\/post"}],"author":[{"embeddable":true,"href":"https:\/\/diarioregionaldigital.com.br\/index.php?rest_route=\/wp\/v2\/users\/96"}],"replies":[{"embeddable":true,"href":"https:\/\/diarioregionaldigital.com.br\/index.php?rest_route=%2Fwp%2Fv2%2Fcomments&post=167971"}],"version-history":[{"count":0,"href":"https:\/\/diarioregionaldigital.com.br\/index.php?rest_route=\/wp\/v2\/posts\/167971\/revisions"}],"wp:featuredmedia":[{"embeddable":true,"href":"https:\/\/diarioregionaldigital.com.br\/index.php?rest_route=\/wp\/v2\/media\/167604"}],"wp:attachment":[{"href":"https:\/\/diarioregionaldigital.com.br\/index.php?rest_route=%2Fwp%2Fv2%2Fmedia&parent=167971"}],"wp:term":[{"taxonomy":"category","embeddable":true,"href":"https:\/\/diarioregionaldigital.com.br\/index.php?rest_route=%2Fwp%2Fv2%2Fcategories&post=167971"},{"taxonomy":"post_tag","embeddable":true,"href":"https:\/\/diarioregionaldigital.com.br\/index.php?rest_route=%2Fwp%2Fv2%2Ftags&post=167971"}],"curies":[{"name":"wp","href":"https:\/\/api.w.org\/{rel}","templated":true}]}}