{"id":167965,"date":"2020-09-01T10:41:19","date_gmt":"2020-09-01T13:41:19","guid":{"rendered":"https:\/\/diarioregionaldigital.com.br\/?p=167965"},"modified":"2020-09-01T10:41:19","modified_gmt":"2020-09-01T13:41:19","slug":"estado-prepara-rede-de-saude-para-vacinacao-contra-covid-19","status":"publish","type":"post","link":"https:\/\/diarioregionaldigital.com.br\/?p=167965","title":{"rendered":"Estado prepara rede de Sa\u00fade para vacina\u00e7\u00e3o contra covid-19"},"content":{"rendered":"<p><span style=\"font-weight: 400;\">Quando a vacina contra o coronav\u00edrus chegar, Minas Gerais quer estar preparado para receb\u00ea-la. Para isso, j\u00e1 foi tra\u00e7ado o Plano de Contingenciamento de Imuniza\u00e7\u00e3o para a covid-19 do Governo de Minas, com objetivo de se precaver para qualquer imprevisto. Em seis meses, o Estado espera se estruturar para aplica\u00e7\u00e3o e armazenamento das doses e para dar assist\u00eancia \u00e0 popula\u00e7\u00e3o no p\u00f3s-vacina.<\/span><\/p>\n<p><span style=\"font-weight: 400;\">As a\u00e7\u00f5es estrat\u00e9gicas adotadas antes mesmo de ter uma vacina aprovada consideram uma poss\u00edvel corrida mundial para a aquisi\u00e7\u00e3o de insumos referentes ao armazenamento e aplica\u00e7\u00e3o do imunobiol\u00f3gico quando for validado, causando um aumento nos pre\u00e7os desses itens e a falta deles no mercado.<\/span><\/p>\n<p><span style=\"font-weight: 400;\">\u201cO objetivo do plano \u00e9 organizar nossas a\u00e7\u00f5es e estrat\u00e9gias para a imuniza\u00e7\u00e3o, abordando as fases de pr\u00e9-campanha, fase de campanha e p\u00f3s campanha. O foco, primeiramente, \u00e9 a fase de pr\u00e9-campanha, na qual vamos preparar a rede de Sa\u00fade de Minas para aquela que pode ser considerada a maior vacina\u00e7\u00e3o do planeta\u201d, ressalta o secret\u00e1rio de Estado de Sa\u00fade de Minas Gerais, Carlos Eduardo Amaral.<\/span><\/p>\n<p><b>Planejamento<\/b><\/p>\n<p><span style=\"font-weight: 400;\">\u201cTrata-se de uma fase de planejamento para quando as doses estiverem dispon\u00edveis. Estamos trabalhando com uma previs\u00e3o de que, em seis meses, isso ocorra, por isso, precisamos adequar nossa rede para receb\u00ea-las. Fizemos esse plano para que n\u00e3o haja empecilhos nem dificuldades de compras diante da alta demanda que haver\u00e1\u201d, comenta Jana\u00edna Fonseca, diretora de Vigil\u00e2ncia de Agravos Transmiss\u00edveis da Secretaria de Estado de Sa\u00fade (SES-MG).<\/span><\/p>\n<p><span style=\"font-weight: 400;\">No planejamento estadual, est\u00e1 prevista a compra de seringas, que \u00e9 um dos insumos que podem faltar quando a vacina estiver dispon\u00edvel. Outro processo de aquisi\u00e7\u00e3o, que est\u00e1 em avalia\u00e7\u00e3o pelo Estado, s\u00e3o os refletores para a Rede de Frio e c\u00e2maras de refrigera\u00e7\u00e3o para regionais e munic\u00edpios \u2013 usadas no armazenamento das vacinas. Tamb\u00e9m est\u00e3o sendo cotados os valores de alugu\u00e9is de cont\u00eaineres para dep\u00f3sito das imuniza\u00e7\u00f5es. O projeto prev\u00ea, ainda, a capacita\u00e7\u00e3o de profissionais e o diagn\u00f3stico das regionais.\u00a0<\/span><\/p>\n<p><b>Centros Especializados\u00a0<\/b><\/p>\n<p><span style=\"font-weight: 400;\">Uma das medidas previstas no Plano de Contingenciamento \u00e9 a implementa\u00e7\u00e3o de Centros de Refer\u00eancia em Imunobiol\u00f3gicos Especiais (Crie) e Vigil\u00e2ncia de Eventos Adversos P\u00f3s-Vacina\u00e7\u00e3o. Segundo explica Jana\u00edna, o Crie \u00e9 um servi\u00e7o novo no estado, existente apenas nos munic\u00edpios de Belo Horizonte e Juiz de Fora.<\/span><\/p>\n<p><span style=\"font-weight: 400;\">O Centro de Refer\u00eancia para Imunobiol\u00f3gicos Especiais \u00e9 o local onde s\u00e3o encontradas vacinas, imunoglobulinas e soros indicados em situa\u00e7\u00f5es especiais, tais como pessoas com doen\u00e7as ou condi\u00e7\u00f5es especiais de sa\u00fade e que precisam de vacinas n\u00e3o contempladas no Programa Nacional de Imuniza\u00e7\u00f5es ou profilaxias p\u00f3s-exposi\u00e7\u00e3o a animais e a material biol\u00f3gico. A inten\u00e7\u00e3o \u00e9 estruturar um Crie estadual no Hospital Eduardo de Menezes, que servir\u00e1 de refer\u00eancia para os demais estados.<\/span><\/p>\n<p><span style=\"font-weight: 400;\">Como Belo Horizonte j\u00e1 possui um Crie implantado atualmente, o Estado contar\u00e1 com 15 centros, a partir da defini\u00e7\u00e3o e implanta\u00e7\u00e3o desta nova pol\u00edtica. Para isso, est\u00e1 em fase de elabora\u00e7\u00e3o edital para munic\u00edpios interessados na implanta\u00e7\u00e3o dos centros.<\/span><\/p>\n<p><span style=\"font-weight: 400;\">De acordo com o documento, a demanda de vacinas para a imuniza\u00e7\u00e3o da popula\u00e7\u00e3o contra a covd-19 deve ser estimada, atentando-se para o quantitativo de doses necess\u00e1rias para cada grupo priorit\u00e1rio da campanha. Deve-se primar pelo uso consciente, bem como ter dispon\u00edveis as vacinas no tempo certo em quantidade e qualidade desej\u00e1vel.<\/span><\/p>\n<p><strong>Fonte:<\/strong> Ag\u00eancia Minas<\/p>\n","protected":false},"excerpt":{"rendered":"<p>Quando a vacina contra o coronav\u00edrus chegar, Minas Gerais quer estar preparado para receb\u00ea-la. Para isso, j\u00e1 foi tra\u00e7ado o Plano de Contingenciamento de Imuniza\u00e7\u00e3o para a covid-19 do Governo de Minas, com objetivo de se precaver para qualquer imprevisto. Em seis meses, o Estado espera se estruturar para aplica\u00e7\u00e3o e armazenamento das doses e [&hellip;]<\/p>\n","protected":false},"author":96,"featured_media":167966,"comment_status":"closed","ping_status":"closed","sticky":false,"template":"","format":"standard","meta":{"footnotes":""},"categories":[436,440,252,439],"tags":[],"class_list":["post-167965","post","type-post","status-publish","format-standard","has-post-thumbnail","hentry","category-destaque-da-semana","category-destaques-do-dia","category-regiao","category-ultima-hora"],"_links":{"self":[{"href":"https:\/\/diarioregionaldigital.com.br\/index.php?rest_route=\/wp\/v2\/posts\/167965","targetHints":{"allow":["GET"]}}],"collection":[{"href":"https:\/\/diarioregionaldigital.com.br\/index.php?rest_route=\/wp\/v2\/posts"}],"about":[{"href":"https:\/\/diarioregionaldigital.com.br\/index.php?rest_route=\/wp\/v2\/types\/post"}],"author":[{"embeddable":true,"href":"https:\/\/diarioregionaldigital.com.br\/index.php?rest_route=\/wp\/v2\/users\/96"}],"replies":[{"embeddable":true,"href":"https:\/\/diarioregionaldigital.com.br\/index.php?rest_route=%2Fwp%2Fv2%2Fcomments&post=167965"}],"version-history":[{"count":0,"href":"https:\/\/diarioregionaldigital.com.br\/index.php?rest_route=\/wp\/v2\/posts\/167965\/revisions"}],"wp:featuredmedia":[{"embeddable":true,"href":"https:\/\/diarioregionaldigital.com.br\/index.php?rest_route=\/wp\/v2\/media\/167966"}],"wp:attachment":[{"href":"https:\/\/diarioregionaldigital.com.br\/index.php?rest_route=%2Fwp%2Fv2%2Fmedia&parent=167965"}],"wp:term":[{"taxonomy":"category","embeddable":true,"href":"https:\/\/diarioregionaldigital.com.br\/index.php?rest_route=%2Fwp%2Fv2%2Fcategories&post=167965"},{"taxonomy":"post_tag","embeddable":true,"href":"https:\/\/diarioregionaldigital.com.br\/index.php?rest_route=%2Fwp%2Fv2%2Ftags&post=167965"}],"curies":[{"name":"wp","href":"https:\/\/api.w.org\/{rel}","templated":true}]}}