{"id":167963,"date":"2020-09-01T10:34:57","date_gmt":"2020-09-01T13:34:57","guid":{"rendered":"https:\/\/diarioregionaldigital.com.br\/?p=167963"},"modified":"2020-09-01T10:34:57","modified_gmt":"2020-09-01T13:34:57","slug":"em-24h-estado-registra-2-224-novos-casos-por-covid-19","status":"publish","type":"post","link":"https:\/\/diarioregionaldigital.com.br\/?p=167963","title":{"rendered":"Em 24h, estado registra 2.224 novos casos por Covid-19"},"content":{"rendered":"<p>O novo\u00a0<a href=\"https:\/\/saude.mg.gov.br\/images\/noticias_e_eventos\/000_2020\/Boletins_Corona\/01.09-Boletim-Epidemiologico_COVID-19.pdf\">boletim epidemiol\u00f3gico<\/a> divulgado nesta ter\u00e7a-feira (1), pela Secretaria de Estado da Sa\u00fade de Minas Gerais (SES-MG), indica que em 24h, o estado registrou 2.224 novos casos por Covid-19, contabilizando 218.781. Al\u00e9m disso, foram confirmados mais 29 \u00f3bitos, totalizando 5.364 mortes. O boletim diz que 3.060 v\u00edtimas s\u00e3o do sexo masculino e 2.304 s\u00e3o do feminino. Conforme o levantamento, 181.888 pacientes est\u00e3o recuperados da doen\u00e7a, representando 83,1% dos casos.<\/p>\n<p>De acordo com os dados, 31.529 fazem acompanhamento m\u00e9dico. At\u00e9 ent\u00e3o foram feitos 110.085 testes laboratoriais, sendo que 27.891 deram positivo, 78.464 deram negativo e 1.595 est\u00e3o sob an\u00e1lise. Quanto aos dados de hospitaliza\u00e7\u00e3o, 22.596 pacientes infectados est\u00e3o internados em hospitais e 196.185 fazem isolamento domiciliar.<\/p>\n<div><\/div>\n<div class=\"the_champ_sharing_container the_champ_horizontal_sharing\"><\/div>\n","protected":false},"excerpt":{"rendered":"<p>O novo\u00a0boletim epidemiol\u00f3gico divulgado nesta ter\u00e7a-feira (1), pela Secretaria de Estado da Sa\u00fade de Minas Gerais (SES-MG), indica que em 24h, o estado registrou 2.224 novos casos por Covid-19, contabilizando 218.781. Al\u00e9m disso, foram confirmados mais 29 \u00f3bitos, totalizando 5.364 mortes. O boletim diz que 3.060 v\u00edtimas s\u00e3o do sexo masculino e 2.304 s\u00e3o do [&hellip;]<\/p>\n","protected":false},"author":96,"featured_media":157429,"comment_status":"closed","ping_status":"closed","sticky":false,"template":"","format":"standard","meta":{"footnotes":""},"categories":[436,440,252,439],"tags":[],"class_list":["post-167963","post","type-post","status-publish","format-standard","has-post-thumbnail","hentry","category-destaque-da-semana","category-destaques-do-dia","category-regiao","category-ultima-hora"],"_links":{"self":[{"href":"https:\/\/diarioregionaldigital.com.br\/index.php?rest_route=\/wp\/v2\/posts\/167963","targetHints":{"allow":["GET"]}}],"collection":[{"href":"https:\/\/diarioregionaldigital.com.br\/index.php?rest_route=\/wp\/v2\/posts"}],"about":[{"href":"https:\/\/diarioregionaldigital.com.br\/index.php?rest_route=\/wp\/v2\/types\/post"}],"author":[{"embeddable":true,"href":"https:\/\/diarioregionaldigital.com.br\/index.php?rest_route=\/wp\/v2\/users\/96"}],"replies":[{"embeddable":true,"href":"https:\/\/diarioregionaldigital.com.br\/index.php?rest_route=%2Fwp%2Fv2%2Fcomments&post=167963"}],"version-history":[{"count":0,"href":"https:\/\/diarioregionaldigital.com.br\/index.php?rest_route=\/wp\/v2\/posts\/167963\/revisions"}],"wp:featuredmedia":[{"embeddable":true,"href":"https:\/\/diarioregionaldigital.com.br\/index.php?rest_route=\/wp\/v2\/media\/157429"}],"wp:attachment":[{"href":"https:\/\/diarioregionaldigital.com.br\/index.php?rest_route=%2Fwp%2Fv2%2Fmedia&parent=167963"}],"wp:term":[{"taxonomy":"category","embeddable":true,"href":"https:\/\/diarioregionaldigital.com.br\/index.php?rest_route=%2Fwp%2Fv2%2Fcategories&post=167963"},{"taxonomy":"post_tag","embeddable":true,"href":"https:\/\/diarioregionaldigital.com.br\/index.php?rest_route=%2Fwp%2Fv2%2Ftags&post=167963"}],"curies":[{"name":"wp","href":"https:\/\/api.w.org\/{rel}","templated":true}]}}