{"id":167953,"date":"2020-09-01T06:00:49","date_gmt":"2020-09-01T09:00:49","guid":{"rendered":"https:\/\/diarioregionaldigital.com.br\/?p=167953"},"modified":"2020-08-31T23:12:53","modified_gmt":"2020-09-01T02:12:53","slug":"saude-3","status":"publish","type":"post","link":"https:\/\/diarioregionaldigital.com.br\/?p=167953","title":{"rendered":"Sa\u00fade"},"content":{"rendered":"<p style=\"text-align: center;\"><strong>Reajustes<\/strong><\/p>\n<p style=\"text-align: center;\">A primeira vez desde que foi criada, a Ag\u00eancia Nacional de Sa\u00fade Suplementar (ANS) interferiu diretamente na rela\u00e7\u00e3o entre as operadoras e os clientes que contratam planos de sa\u00fade coletivos. Em reuni\u00e3o extraordin\u00e1ria, a diretora da ag\u00eancia reguladora proibiu a aplica\u00e7\u00e3o de reajuste anual e por faixa et\u00e1ria em todos os planos e seguros vendidos no pa\u00eds, individuais e coletivos, com anivers\u00e1rio entre setembro e dezembro.<\/p>\n<p style=\"text-align: center;\"><strong>Agenda de Reformas<\/strong><\/p>\n<p style=\"text-align: center;\">Depois de adiar v\u00e1rios vezes o envio da reforma administrativa ao Congresso, o governo decidiu s\u00f3 encaminhar a proposta no ano que vem. Segundo t\u00e9cnicos da equipe econ\u00f4mica, a estrat\u00e9gia agora \u00e9 esperar o resultado das elei\u00e7\u00f5es para as presid\u00eancias da C\u00e2mara dos Deputados e do Senado para avan\u00e7ar com o projeto.<\/p>\n<p style=\"text-align: center;\"><strong>Voc\u00ea Sabia?<\/strong><\/p>\n<p style=\"text-align: center;\">Em tempos de fakes, pelo menos 800 pessoas j\u00e1 morreram e milhares foram hospitalizadas no mundo por ingerir \u00e1lcool 70 imaginando estar combatendo o Coronav\u00edrus. S\u00e3o pessoas que compraram a mentira nas redes sociais.<\/p>\n<p style=\"text-align: center;\"><span style=\"font-size: 14pt;\"><strong>Sa\u00fade<\/strong><\/span><\/p>\n<p style=\"text-align: center;\">Reduto de idosos queridos, o Abrigo Santa Helena de Juiz de Fora recebeu uma a\u00e7\u00e3o preventiva onde foi realizada o teste da Covid-19 em todos os idosos e funcion\u00e1rios. A iniciativa fez parte da Campanha \u201cCorona Zero \u2013 Lutando contra o v\u00edrus\u201d, promovida pelo Rotary Club (S\u00e3o Mateus e Sul), com o apoio da UFJF.<\/p>\n<div id=\"attachment_167932\" style=\"width: 690px\" class=\"wp-caption aligncenter\"><img loading=\"lazy\" decoding=\"async\" aria-describedby=\"caption-attachment-167932\" class=\"wp-image-167932\" src=\"https:\/\/diarioregionaldigital.com.br\/wp-content\/uploads\/2020\/08\/fotoa-15-e1598924836539.jpg\" alt=\"\" width=\"680\" height=\"535\" srcset=\"https:\/\/diarioregionaldigital.com.br\/wp-content\/uploads\/2020\/08\/fotoa-15-e1598924836539.jpg 576w, https:\/\/diarioregionaldigital.com.br\/wp-content\/uploads\/2020\/08\/fotoa-15-e1598924836539-300x236.jpg 300w, https:\/\/diarioregionaldigital.com.br\/wp-content\/uploads\/2020\/08\/fotoa-15-e1598924836539-360x283.jpg 360w\" sizes=\"auto, (max-width: 680px) 100vw, 680px\" \/><p id=\"caption-attachment-167932\" class=\"wp-caption-text\">A p\u00e9rola negra Ivanir Ferreira comemorou anivers\u00e1rio com o marido Carlos Alberto Ferreira a car\u00e1ter com m\u00e1scara luxuosa<\/p><\/div>\n<div id=\"attachment_167933\" style=\"width: 690px\" class=\"wp-caption aligncenter\"><img loading=\"lazy\" decoding=\"async\" aria-describedby=\"caption-attachment-167933\" class=\"wp-image-167933\" src=\"https:\/\/diarioregionaldigital.com.br\/wp-content\/uploads\/2020\/08\/fotob-17-e1598924866792.jpg\" alt=\"\" width=\"680\" height=\"497\" srcset=\"https:\/\/diarioregionaldigital.com.br\/wp-content\/uploads\/2020\/08\/fotob-17-e1598924866792.jpg 609w, https:\/\/diarioregionaldigital.com.br\/wp-content\/uploads\/2020\/08\/fotob-17-e1598924866792-300x219.jpg 300w, https:\/\/diarioregionaldigital.com.br\/wp-content\/uploads\/2020\/08\/fotob-17-e1598924866792-360x263.jpg 360w\" sizes=\"auto, (max-width: 680px) 100vw, 680px\" \/><p id=\"caption-attachment-167933\" class=\"wp-caption-text\">Lindos e de bem com a vida, a empres\u00e1ria e advogada Izabela Rodrigues e o advogado Alexandre Lenilson Fonseca<\/p><\/div>\n<div id=\"attachment_167934\" style=\"width: 690px\" class=\"wp-caption aligncenter\"><img loading=\"lazy\" decoding=\"async\" aria-describedby=\"caption-attachment-167934\" class=\"wp-image-167934\" src=\"https:\/\/diarioregionaldigital.com.br\/wp-content\/uploads\/2020\/08\/fotoc-18-e1598924898593.jpg\" alt=\"\" width=\"680\" height=\"484\" srcset=\"https:\/\/diarioregionaldigital.com.br\/wp-content\/uploads\/2020\/08\/fotoc-18-e1598924898593.jpg 904w, https:\/\/diarioregionaldigital.com.br\/wp-content\/uploads\/2020\/08\/fotoc-18-e1598924898593-300x213.jpg 300w, https:\/\/diarioregionaldigital.com.br\/wp-content\/uploads\/2020\/08\/fotoc-18-e1598924898593-768x546.jpg 768w, https:\/\/diarioregionaldigital.com.br\/wp-content\/uploads\/2020\/08\/fotoc-18-e1598924898593-360x256.jpg 360w, https:\/\/diarioregionaldigital.com.br\/wp-content\/uploads\/2020\/08\/fotoc-18-e1598924898593-100x70.jpg 100w\" sizes=\"auto, (max-width: 680px) 100vw, 680px\" \/><p id=\"caption-attachment-167934\" class=\"wp-caption-text\">Gente querida visitando esta coluna social on-line: Solange Firjam e o filho Gabriel Firjam<\/p><\/div>\n<div id=\"attachment_167936\" style=\"width: 690px\" class=\"wp-caption aligncenter\"><img loading=\"lazy\" decoding=\"async\" aria-describedby=\"caption-attachment-167936\" class=\"wp-image-167936\" src=\"https:\/\/diarioregionaldigital.com.br\/wp-content\/uploads\/2020\/08\/fotoe-18-e1598925039825.jpg\" alt=\"\" width=\"680\" height=\"501\" srcset=\"https:\/\/diarioregionaldigital.com.br\/wp-content\/uploads\/2020\/08\/fotoe-18-e1598925039825.jpg 698w, https:\/\/diarioregionaldigital.com.br\/wp-content\/uploads\/2020\/08\/fotoe-18-e1598925039825-300x221.jpg 300w, https:\/\/diarioregionaldigital.com.br\/wp-content\/uploads\/2020\/08\/fotoe-18-e1598925039825-360x265.jpg 360w\" sizes=\"auto, (max-width: 680px) 100vw, 680px\" \/><p id=\"caption-attachment-167936\" class=\"wp-caption-text\">Destaques da sociedade de Argirita (MG) o casal 20 Denise Barbosa e Gil Paix\u00e3o<\/p><\/div>\n<div id=\"attachment_167937\" style=\"width: 690px\" class=\"wp-caption aligncenter\"><img loading=\"lazy\" decoding=\"async\" aria-describedby=\"caption-attachment-167937\" class=\"wp-image-167937\" src=\"https:\/\/diarioregionaldigital.com.br\/wp-content\/uploads\/2020\/08\/fotof-17-e1598925064252.jpg\" alt=\"\" width=\"680\" height=\"537\" srcset=\"https:\/\/diarioregionaldigital.com.br\/wp-content\/uploads\/2020\/08\/fotof-17-e1598925064252.jpg 1432w, https:\/\/diarioregionaldigital.com.br\/wp-content\/uploads\/2020\/08\/fotof-17-e1598925064252-300x237.jpg 300w, https:\/\/diarioregionaldigital.com.br\/wp-content\/uploads\/2020\/08\/fotof-17-e1598925064252-1024x808.jpg 1024w, https:\/\/diarioregionaldigital.com.br\/wp-content\/uploads\/2020\/08\/fotof-17-e1598925064252-768x606.jpg 768w, https:\/\/diarioregionaldigital.com.br\/wp-content\/uploads\/2020\/08\/fotof-17-e1598925064252-360x284.jpg 360w\" sizes=\"auto, (max-width: 680px) 100vw, 680px\" \/><p id=\"caption-attachment-167937\" class=\"wp-caption-text\">Especialistas em arte e cultura: Marcelo Misailidis e Dani Marie Uebe<\/p><\/div>\n<div id=\"attachment_167938\" style=\"width: 690px\" class=\"wp-caption aligncenter\"><img loading=\"lazy\" decoding=\"async\" aria-describedby=\"caption-attachment-167938\" class=\"wp-image-167938\" src=\"https:\/\/diarioregionaldigital.com.br\/wp-content\/uploads\/2020\/08\/fotog-17-e1598925100234.jpg\" alt=\"\" width=\"680\" height=\"521\" srcset=\"https:\/\/diarioregionaldigital.com.br\/wp-content\/uploads\/2020\/08\/fotog-17-e1598925100234.jpg 829w, https:\/\/diarioregionaldigital.com.br\/wp-content\/uploads\/2020\/08\/fotog-17-e1598925100234-300x230.jpg 300w, https:\/\/diarioregionaldigital.com.br\/wp-content\/uploads\/2020\/08\/fotog-17-e1598925100234-768x588.jpg 768w, https:\/\/diarioregionaldigital.com.br\/wp-content\/uploads\/2020\/08\/fotog-17-e1598925100234-360x276.jpg 360w\" sizes=\"auto, (max-width: 680px) 100vw, 680px\" \/><p id=\"caption-attachment-167938\" class=\"wp-caption-text\">No final da Parada Gay on-line, o emocionado organizador Titiago Capuzzo e sua m\u00e3e S\u00f4nia Barbeto<\/p><\/div>\n<div id=\"attachment_167939\" style=\"width: 690px\" class=\"wp-caption aligncenter\"><img loading=\"lazy\" decoding=\"async\" aria-describedby=\"caption-attachment-167939\" class=\"wp-image-167939\" src=\"https:\/\/diarioregionaldigital.com.br\/wp-content\/uploads\/2020\/08\/fotoh-15-e1598925138640.jpg\" alt=\"\" width=\"680\" height=\"540\" srcset=\"https:\/\/diarioregionaldigital.com.br\/wp-content\/uploads\/2020\/08\/fotoh-15-e1598925138640.jpg 1394w, https:\/\/diarioregionaldigital.com.br\/wp-content\/uploads\/2020\/08\/fotoh-15-e1598925138640-300x238.jpg 300w, https:\/\/diarioregionaldigital.com.br\/wp-content\/uploads\/2020\/08\/fotoh-15-e1598925138640-1024x812.jpg 1024w, https:\/\/diarioregionaldigital.com.br\/wp-content\/uploads\/2020\/08\/fotoh-15-e1598925138640-768x609.jpg 768w, https:\/\/diarioregionaldigital.com.br\/wp-content\/uploads\/2020\/08\/fotoh-15-e1598925138640-360x286.jpg 360w\" sizes=\"auto, (max-width: 680px) 100vw, 680px\" \/><p id=\"caption-attachment-167939\" class=\"wp-caption-text\">A bonita Jane Paulino com o aniversariante da temporada social, Wesley Guedes<\/p><\/div>\n<div id=\"attachment_167940\" style=\"width: 690px\" class=\"wp-caption aligncenter\"><img loading=\"lazy\" decoding=\"async\" aria-describedby=\"caption-attachment-167940\" class=\"wp-image-167940\" src=\"https:\/\/diarioregionaldigital.com.br\/wp-content\/uploads\/2020\/08\/fotoi-9-e1598925193334.jpg\" alt=\"\" width=\"680\" height=\"483\" srcset=\"https:\/\/diarioregionaldigital.com.br\/wp-content\/uploads\/2020\/08\/fotoi-9-e1598925193334.jpg 827w, https:\/\/diarioregionaldigital.com.br\/wp-content\/uploads\/2020\/08\/fotoi-9-e1598925193334-300x213.jpg 300w, https:\/\/diarioregionaldigital.com.br\/wp-content\/uploads\/2020\/08\/fotoi-9-e1598925193334-768x546.jpg 768w, https:\/\/diarioregionaldigital.com.br\/wp-content\/uploads\/2020\/08\/fotoi-9-e1598925193334-360x256.jpg 360w, https:\/\/diarioregionaldigital.com.br\/wp-content\/uploads\/2020\/08\/fotoi-9-e1598925193334-100x70.jpg 100w\" sizes=\"auto, (max-width: 680px) 100vw, 680px\" \/><p id=\"caption-attachment-167940\" class=\"wp-caption-text\">Fam\u00edlia Verpel reunida, Solange, Gabriel, Breno (aniversariando) e Dani<\/p><\/div>\n<div id=\"attachment_167935\" style=\"width: 690px\" class=\"wp-caption aligncenter\"><img loading=\"lazy\" decoding=\"async\" aria-describedby=\"caption-attachment-167935\" class=\"wp-image-167935\" src=\"https:\/\/diarioregionaldigital.com.br\/wp-content\/uploads\/2020\/08\/fotod-16-e1598924942431.jpg\" alt=\"\" width=\"680\" height=\"486\" srcset=\"https:\/\/diarioregionaldigital.com.br\/wp-content\/uploads\/2020\/08\/fotod-16-e1598924942431.jpg 1042w, https:\/\/diarioregionaldigital.com.br\/wp-content\/uploads\/2020\/08\/fotod-16-e1598924942431-300x214.jpg 300w, https:\/\/diarioregionaldigital.com.br\/wp-content\/uploads\/2020\/08\/fotod-16-e1598924942431-1024x732.jpg 1024w, https:\/\/diarioregionaldigital.com.br\/wp-content\/uploads\/2020\/08\/fotod-16-e1598924942431-768x549.jpg 768w, https:\/\/diarioregionaldigital.com.br\/wp-content\/uploads\/2020\/08\/fotod-16-e1598924942431-360x257.jpg 360w, https:\/\/diarioregionaldigital.com.br\/wp-content\/uploads\/2020\/08\/fotod-16-e1598924942431-100x70.jpg 100w\" sizes=\"auto, (max-width: 680px) 100vw, 680px\" \/><p id=\"caption-attachment-167935\" class=\"wp-caption-text\">Em seu casamento em Curvelo (MG), Rodrimary Gomes e Caio Ribeiro com os pais dela Roberto Gomes e Margareth Gomes<\/p><\/div>\n<p style=\"text-align: center;\"><strong>FOTOSS\u00cdNTESE<\/strong><\/p>\n<p>A simp\u00e1tica Denise Barbosa faz sucesso com suas pizzas artesanais em Argirita (MG).<\/p>\n<p>Mostrando compet\u00eancia na Barbearia Elchapo, o jovem Renan Souza. O endere\u00e7o \u00e9 na Rua S\u00e3o Jo\u00e3o, 29 (parte baixa).<\/p>\n<p>Iniciamos o m\u00eas de setembro deixando para tr\u00e1s a bruxa, o gato, a coruja, o lobisomem e o bode da modernidade e com muita f\u00e9 e esperan\u00e7a em dias melhores.<\/p>\n<p>Correio Elegante: Abra\u00e7os virtuais para os queridos Dom Gil Moreira, Cleuza Peixoto Cerqueira, D\u00aa Zuleika Mendes, Hugo Borges, Orlando e Cida Delmonte, Edna e Renato Saleme, Raquel Silvestre, Arly Queiros Salles.<\/p>\n<p>Sempre generosos, o diretor de Imagem P\u00fablica do Rotary Sul, Waldir Aquino doou 50 m\u00e1scaras de tecido personalizadas para o Banco de leite Humano.<\/p>\n<p>A Plataforma Sympla serviu de cen\u00e1rio para o Semin\u00e1rio de Sa\u00fade do Senac. Para protagonizar foram convocadas: a nutricionista Erika dos Santos, a enfermeira Izadora Santiago e a farmac\u00eautica J\u00fania Sampaio.<\/p>\n<p>Foi em ritmo de comemora\u00e7\u00e3o on-line, os festejos dos 17 aos do Museu Ferrovi\u00e1rio de Juiz de Fora.<\/p>\n<p>Foi um sucesso a live Campe\u00f5es do Ranking Abras 2020. Participaram do encontro virtual, o presidente do Grupo Bahamas, Jovino Campos, o presidente da Abras, Jos\u00e9 Sanzovo e do vice Jo\u00e3o Galassi, al\u00e9m de executivos de vendas da Nestl\u00e9.<\/p>\n<p>Senhores passageiros: \u00c9 sempre bom lembrar que tecnologia e funcionalidade s\u00e3o o bin\u00f4mio do futuro para v\u00e1rias profiss\u00f5es. Bom dia.<\/p>\n<p><img loading=\"lazy\" decoding=\"async\" class=\"aligncenter size-full wp-image-167954\" src=\"https:\/\/diarioregionaldigital.com.br\/wp-content\/uploads\/2020\/08\/anuncio12-scaled.jpg\" alt=\"\" width=\"2560\" height=\"983\" srcset=\"https:\/\/diarioregionaldigital.com.br\/wp-content\/uploads\/2020\/08\/anuncio12-scaled.jpg 2560w, https:\/\/diarioregionaldigital.com.br\/wp-content\/uploads\/2020\/08\/anuncio12-300x115.jpg 300w, https:\/\/diarioregionaldigital.com.br\/wp-content\/uploads\/2020\/08\/anuncio12-1024x393.jpg 1024w, https:\/\/diarioregionaldigital.com.br\/wp-content\/uploads\/2020\/08\/anuncio12-768x295.jpg 768w, https:\/\/diarioregionaldigital.com.br\/wp-content\/uploads\/2020\/08\/anuncio12-1536x590.jpg 1536w, https:\/\/diarioregionaldigital.com.br\/wp-content\/uploads\/2020\/08\/anuncio12-2048x787.jpg 2048w, https:\/\/diarioregionaldigital.com.br\/wp-content\/uploads\/2020\/08\/anuncio12-360x138.jpg 360w\" sizes=\"auto, (max-width: 2560px) 100vw, 2560px\" \/><\/p>\n","protected":false},"excerpt":{"rendered":"<p>Reajustes A primeira vez desde que foi criada, a Ag\u00eancia Nacional de Sa\u00fade Suplementar (ANS) interferiu diretamente na rela\u00e7\u00e3o entre as operadoras e os clientes que contratam planos de sa\u00fade coletivos. Em reuni\u00e3o extraordin\u00e1ria, a diretora da ag\u00eancia reguladora proibiu a aplica\u00e7\u00e3o de reajuste anual e por faixa et\u00e1ria em todos os planos e seguros [&hellip;]<\/p>\n","protected":false},"author":96,"featured_media":167960,"comment_status":"closed","ping_status":"closed","sticky":false,"template":"","format":"standard","meta":{"footnotes":""},"categories":[264],"tags":[],"class_list":["post-167953","post","type-post","status-publish","format-standard","has-post-thumbnail","hentry","category-eduardo-gomes"],"_links":{"self":[{"href":"https:\/\/diarioregionaldigital.com.br\/index.php?rest_route=\/wp\/v2\/posts\/167953","targetHints":{"allow":["GET"]}}],"collection":[{"href":"https:\/\/diarioregionaldigital.com.br\/index.php?rest_route=\/wp\/v2\/posts"}],"about":[{"href":"https:\/\/diarioregionaldigital.com.br\/index.php?rest_route=\/wp\/v2\/types\/post"}],"author":[{"embeddable":true,"href":"https:\/\/diarioregionaldigital.com.br\/index.php?rest_route=\/wp\/v2\/users\/96"}],"replies":[{"embeddable":true,"href":"https:\/\/diarioregionaldigital.com.br\/index.php?rest_route=%2Fwp%2Fv2%2Fcomments&post=167953"}],"version-history":[{"count":0,"href":"https:\/\/diarioregionaldigital.com.br\/index.php?rest_route=\/wp\/v2\/posts\/167953\/revisions"}],"wp:featuredmedia":[{"embeddable":true,"href":"https:\/\/diarioregionaldigital.com.br\/index.php?rest_route=\/wp\/v2\/media\/167960"}],"wp:attachment":[{"href":"https:\/\/diarioregionaldigital.com.br\/index.php?rest_route=%2Fwp%2Fv2%2Fmedia&parent=167953"}],"wp:term":[{"taxonomy":"category","embeddable":true,"href":"https:\/\/diarioregionaldigital.com.br\/index.php?rest_route=%2Fwp%2Fv2%2Fcategories&post=167953"},{"taxonomy":"post_tag","embeddable":true,"href":"https:\/\/diarioregionaldigital.com.br\/index.php?rest_route=%2Fwp%2Fv2%2Ftags&post=167953"}],"curies":[{"name":"wp","href":"https:\/\/api.w.org\/{rel}","templated":true}]}}