{"id":167949,"date":"2020-08-31T22:12:45","date_gmt":"2020-09-01T01:12:45","guid":{"rendered":"https:\/\/diarioregionaldigital.com.br\/?p=167949"},"modified":"2020-08-31T22:12:45","modified_gmt":"2020-09-01T01:12:45","slug":"covid-19-pais-tem-1213-mil-mortes-e-39-milhoes-de-casos-acumulados","status":"publish","type":"post","link":"https:\/\/diarioregionaldigital.com.br\/?p=167949","title":{"rendered":"Covid-19: pa\u00eds tem 121,3 mil mortes e 3,9 milh\u00f5es de casos acumulados"},"content":{"rendered":"<p>No Brasil, desde o in\u00edcio da pandemia, 121.381 pessoas morreram em fun\u00e7\u00e3o da covid-19. Nas \u00faltimas 24 horas, foram registrados 553 novos \u00f3bitos. Os dados est\u00e3o na atualiza\u00e7\u00e3o do Minist\u00e9rio da Sa\u00fade divulgada na noite desta\u00a0<span id=\"OBJ_PREFIX_DWT787_com_zimbra_date\" role=\"link\">segunda<\/span>-feira (31).\u00a0<span id=\"OBJ_PREFIX_DWT782_com_zimbra_date\" role=\"link\"><span id=\"OBJ_PREFIX_DWT788_com_zimbra_date\" role=\"link\">Ontem<\/span><\/span>, o painel do minist\u00e9rio\u00a0marcava 120.868 \u00f3bitos. H\u00e1 2.708 falecimentos em investiga\u00e7\u00e3o.<img decoding=\"async\" src=\"https:\/\/agenciabrasil.ebc.com.br\/ebc.png?id=1386590&amp;o=node\" \/><img decoding=\"async\" src=\"https:\/\/agenciabrasil.ebc.com.br\/ebc.gif?id=1386590&amp;o=node\" \/><\/p>\n<p>De acordo com o balan\u00e7o da pasta, o n\u00famero de pessoas infectadas desde o in\u00edcio da pandemia chegou a 3.908.272. Entre\u00a0<span id=\"OBJ_PREFIX_DWT789_com_zimbra_date\" role=\"link\">ontem<\/span>\u00a0e\u00a0<span id=\"OBJ_PREFIX_DWT783_com_zimbra_date\" role=\"link\"><span id=\"OBJ_PREFIX_DWT790_com_zimbra_date\" role=\"link\">hoje<\/span><\/span>, as secretarias estaduais de sa\u00fade acrescentaram \u00e0s estat\u00edsticas 45.961 novos casos.\u00a0<span id=\"OBJ_PREFIX_DWT784_com_zimbra_date\" role=\"link\"><span id=\"OBJ_PREFIX_DWT791_com_zimbra_date\" role=\"link\">Ontem<\/span><\/span>, o sistema do Minist\u00e9rio da Sa\u00fade\u00a0trazia 3.862.311 casos acumulados.<\/p>\n<p>Os casos s\u00e3o menores aos domingos e segundas-feiras pelas limita\u00e7\u00f5es de alimenta\u00e7\u00e3o pelas equipes das secretarias de sa\u00fade. J\u00e1 \u00e0s\u00a0<span id=\"OBJ_PREFIX_DWT785_com_zimbra_date\" role=\"link\"><span id=\"OBJ_PREFIX_DWT792_com_zimbra_date\" role=\"link\">ter<\/span><\/span>\u00e7as-feiras, o n\u00famero usualmente tem sido maior pelo envio dos dados acumulados do fim de semana.<\/p>\n<p>Ainda de acordo com a atualiza\u00e7\u00e3o, 689.157 pessoas est\u00e3o em acompanhamento e outras 3.097.734 j\u00e1 se recuperaram.<\/p>\n<p>A taxa de letalidade (n\u00famero de mortes pelo total de casos) ficou em 3,1%. A mortalidade (quantidade de \u00f3bitos por 100 mil habitantes) atingiu 57,8. A incid\u00eancia dos casos de covid-19 por 100 mil habitantes \u00e9 de 1859,8.<\/p>\n<p><strong>Covid-19 nos Estados<\/strong><\/p>\n<p>Os estados com mais morte foram\u00a0S\u00e3o Paulo (30.014), Rio<span id=\"OBJ_PREFIX_DWT786_com_zimbra_date\" role=\"link\">\u00a0de Janeiro<\/span>\u00a0(16.065), Cear\u00e1 (8.409), Pernambuco (7.593) e Par\u00e1 (6.146). As Unidades da Federa\u00e7\u00e3o com menos \u00f3bitos at\u00e9 o momento s\u00e3o Roraima (587), Acre (612), Tocantins (673), Amap\u00e1 (661) e Mato Grosso do Sul (862).<\/p>\n<p><strong>Fonte:\u00a0<\/strong>Ag\u00eancia Brasil<\/p>\n","protected":false},"excerpt":{"rendered":"<p>No Brasil, desde o in\u00edcio da pandemia, 121.381 pessoas morreram em fun\u00e7\u00e3o da covid-19. Nas \u00faltimas 24 horas, foram registrados 553 novos \u00f3bitos. Os dados est\u00e3o na atualiza\u00e7\u00e3o do Minist\u00e9rio da Sa\u00fade divulgada na noite desta\u00a0segunda-feira (31).\u00a0Ontem, o painel do minist\u00e9rio\u00a0marcava 120.868 \u00f3bitos. H\u00e1 2.708 falecimentos em investiga\u00e7\u00e3o. De acordo com o balan\u00e7o da pasta, [&hellip;]<\/p>\n","protected":false},"author":96,"featured_media":167950,"comment_status":"closed","ping_status":"closed","sticky":false,"template":"","format":"standard","meta":{"footnotes":""},"categories":[302,436,440,439],"tags":[],"class_list":["post-167949","post","type-post","status-publish","format-standard","has-post-thumbnail","hentry","category-brasil-mundo","category-destaque-da-semana","category-destaques-do-dia","category-ultima-hora"],"_links":{"self":[{"href":"https:\/\/diarioregionaldigital.com.br\/index.php?rest_route=\/wp\/v2\/posts\/167949","targetHints":{"allow":["GET"]}}],"collection":[{"href":"https:\/\/diarioregionaldigital.com.br\/index.php?rest_route=\/wp\/v2\/posts"}],"about":[{"href":"https:\/\/diarioregionaldigital.com.br\/index.php?rest_route=\/wp\/v2\/types\/post"}],"author":[{"embeddable":true,"href":"https:\/\/diarioregionaldigital.com.br\/index.php?rest_route=\/wp\/v2\/users\/96"}],"replies":[{"embeddable":true,"href":"https:\/\/diarioregionaldigital.com.br\/index.php?rest_route=%2Fwp%2Fv2%2Fcomments&post=167949"}],"version-history":[{"count":0,"href":"https:\/\/diarioregionaldigital.com.br\/index.php?rest_route=\/wp\/v2\/posts\/167949\/revisions"}],"wp:featuredmedia":[{"embeddable":true,"href":"https:\/\/diarioregionaldigital.com.br\/index.php?rest_route=\/wp\/v2\/media\/167950"}],"wp:attachment":[{"href":"https:\/\/diarioregionaldigital.com.br\/index.php?rest_route=%2Fwp%2Fv2%2Fmedia&parent=167949"}],"wp:term":[{"taxonomy":"category","embeddable":true,"href":"https:\/\/diarioregionaldigital.com.br\/index.php?rest_route=%2Fwp%2Fv2%2Fcategories&post=167949"},{"taxonomy":"post_tag","embeddable":true,"href":"https:\/\/diarioregionaldigital.com.br\/index.php?rest_route=%2Fwp%2Fv2%2Ftags&post=167949"}],"curies":[{"name":"wp","href":"https:\/\/api.w.org\/{rel}","templated":true}]}}