{"id":167946,"date":"2020-08-31T18:32:01","date_gmt":"2020-08-31T21:32:01","guid":{"rendered":"https:\/\/diarioregionaldigital.com.br\/?p=167946"},"modified":"2020-08-31T18:32:01","modified_gmt":"2020-08-31T21:32:01","slug":"salario-minimo-para-2021-ficara-em-r-1-067","status":"publish","type":"post","link":"https:\/\/diarioregionaldigital.com.br\/?p=167946","title":{"rendered":"Sal\u00e1rio m\u00ednimo para 2021 ficar\u00e1 em R$ 1.067"},"content":{"rendered":"<p><span style=\"font-weight: 400;\">A queda da infla\u00e7\u00e3o fez o governo reduzir o reajuste do sal\u00e1rio m\u00ednimo para o pr\u00f3ximo ano. Segundo o projeto do Or\u00e7amento de 2021, enviado nessa segunda-feira (31) ao Congresso, o m\u00ednimo subir\u00e1 para R$ 1.067 em 2021.<\/span><\/p>\n<p><span style=\"font-weight: 400;\">O projeto da Lei de Diretrizes Or\u00e7ament\u00e1rias (LDO) de 2021, enviado em abril, fixava o sal\u00e1rio m\u00ednimo em R$ 1.075 para o pr\u00f3ximo ano. O valor, no entanto, pode ser revisto na proposta de Or\u00e7amento da Uni\u00e3o dependendo da evolu\u00e7\u00e3o dos par\u00e2metros econ\u00f4micos.<\/span><\/p>\n<p><span style=\"font-weight: 400;\">Segundo o Minist\u00e9rio da Economia, a queda da infla\u00e7\u00e3o decorrente da retra\u00e7\u00e3o da atividade econ\u00f4mica impactou o reajuste do m\u00ednimo. Em abril, a pasta estimava que o \u00cdndice Nacional de Pre\u00e7os ao Consumidor (INPC) encerraria 2020 em 3,19%. No projeto do Or\u00e7amento, a estimativa foi revisada para 2,09%.<\/span><\/p>\n<p><span style=\"font-weight: 400;\">A regra de reajuste do sal\u00e1rio m\u00ednimo que estabelecia a corre\u00e7\u00e3o do INPC do ano anterior mais a varia\u00e7\u00e3o do Produto Interno Bruto (PIB, soma dos bens e servi\u00e7os produzidos) de dois anos antes perdeu a validade em 2019. O sal\u00e1rio m\u00ednimo agora \u00e9 corrigido apenas pelo INPC, considerando o princ\u00edpio da Constitui\u00e7\u00e3o de preserva\u00e7\u00e3o do poder de compra do m\u00ednimo.<\/span><\/p>\n<p><b>PIB<\/b><\/p>\n<p><span style=\"font-weight: 400;\">O projeto do Or\u00e7amento tamb\u00e9m reduziu as estimativas de crescimento econ\u00f4mico para o pr\u00f3ximo ano na compara\u00e7\u00e3o com os par\u00e2metros da LDO. A proje\u00e7\u00e3o de crescimento do PIB passou de 3,3% para 3,2% em 2021. A previs\u00e3o para o \u00cdndice Nacional de Pre\u00e7os ao Consumidor Amplo (IPCA), usado como \u00edndice oficial de infla\u00e7\u00e3o, caiu de 3,65% para 3,24%.<\/span><\/p>\n<p><span style=\"font-weight: 400;\">Outros par\u00e2metros foram revisados. Por causa da queda da Selic (juros b\u00e1sicos da economia), a proposta do Or\u00e7amento prev\u00ea que a taxa encerrar\u00e1 2021 em 2,13% ao ano, contra proje\u00e7\u00e3o de 4,33% ao ano que constava na LDO. O d\u00f3lar m\u00e9dio chegar\u00e1 a R$ 5,11 em 2021, contra estimativa de R$ 4,29 da LDO.<\/span><\/p>\n<p><strong>Fonte:<\/strong> Ag\u00eancia Brasil<\/p>\n","protected":false},"excerpt":{"rendered":"<p>A queda da infla\u00e7\u00e3o fez o governo reduzir o reajuste do sal\u00e1rio m\u00ednimo para o pr\u00f3ximo ano. Segundo o projeto do Or\u00e7amento de 2021, enviado nessa segunda-feira (31) ao Congresso, o m\u00ednimo subir\u00e1 para R$ 1.067 em 2021. O projeto da Lei de Diretrizes Or\u00e7ament\u00e1rias (LDO) de 2021, enviado em abril, fixava o sal\u00e1rio m\u00ednimo [&hellip;]<\/p>\n","protected":false},"author":96,"featured_media":167947,"comment_status":"closed","ping_status":"closed","sticky":false,"template":"","format":"standard","meta":{"footnotes":""},"categories":[436,261,439],"tags":[],"class_list":["post-167946","post","type-post","status-publish","format-standard","has-post-thumbnail","hentry","category-destaque-da-semana","category-economia","category-ultima-hora"],"_links":{"self":[{"href":"https:\/\/diarioregionaldigital.com.br\/index.php?rest_route=\/wp\/v2\/posts\/167946","targetHints":{"allow":["GET"]}}],"collection":[{"href":"https:\/\/diarioregionaldigital.com.br\/index.php?rest_route=\/wp\/v2\/posts"}],"about":[{"href":"https:\/\/diarioregionaldigital.com.br\/index.php?rest_route=\/wp\/v2\/types\/post"}],"author":[{"embeddable":true,"href":"https:\/\/diarioregionaldigital.com.br\/index.php?rest_route=\/wp\/v2\/users\/96"}],"replies":[{"embeddable":true,"href":"https:\/\/diarioregionaldigital.com.br\/index.php?rest_route=%2Fwp%2Fv2%2Fcomments&post=167946"}],"version-history":[{"count":0,"href":"https:\/\/diarioregionaldigital.com.br\/index.php?rest_route=\/wp\/v2\/posts\/167946\/revisions"}],"wp:featuredmedia":[{"embeddable":true,"href":"https:\/\/diarioregionaldigital.com.br\/index.php?rest_route=\/wp\/v2\/media\/167947"}],"wp:attachment":[{"href":"https:\/\/diarioregionaldigital.com.br\/index.php?rest_route=%2Fwp%2Fv2%2Fmedia&parent=167946"}],"wp:term":[{"taxonomy":"category","embeddable":true,"href":"https:\/\/diarioregionaldigital.com.br\/index.php?rest_route=%2Fwp%2Fv2%2Fcategories&post=167946"},{"taxonomy":"post_tag","embeddable":true,"href":"https:\/\/diarioregionaldigital.com.br\/index.php?rest_route=%2Fwp%2Fv2%2Ftags&post=167946"}],"curies":[{"name":"wp","href":"https:\/\/api.w.org\/{rel}","templated":true}]}}