{"id":167943,"date":"2020-08-31T18:25:40","date_gmt":"2020-08-31T21:25:40","guid":{"rendered":"https:\/\/diarioregionaldigital.com.br\/?p=167943"},"modified":"2020-08-31T18:25:40","modified_gmt":"2020-08-31T21:25:40","slug":"secretaria-de-saude-confirma-mais-duas-mortes-por-covid-19-em-juiz-de-fora","status":"publish","type":"post","link":"https:\/\/diarioregionaldigital.com.br\/?p=167943","title":{"rendered":"Secretaria de Sa\u00fade confirma mais duas mortes por Covid-19 em Juiz de Fora"},"content":{"rendered":"<p><span style=\"font-weight: 400;\">O novo boletim epidemiol\u00f3gico divulgado nesta segunda-feira (31) pela Secretaria de Sa\u00fade (SS) da Prefeitura de Juiz de Fora (PJF), confirma que o munic\u00edpio obteve mais duas mortes por Coronav\u00edrus, totalizando 160 \u00f3bitos.As duas v\u00edtimas s\u00e3o idosas e morreram no domingo (30). Uma delas de 62 anos, e como comorbidades, apresentava Hipertens\u00e3o Arterial Sist\u00eamica (HAS) e pneumopatia cr\u00f4nica. J\u00e1 a outra idosa, de 66 anos, tinha Doen\u00e7a Cardiovascular Cr\u00f4nica (DCC) e Diabetes Mellitus (DM).\u00a0\u00a0<\/span><\/p>\n<p><span style=\"font-weight: 400;\">Conforme o levantamento, foram registradas mais 18 pessoas infectadas, acumulando 4.836 casos confirmados. Al\u00e9m disso, 17.353 s\u00e3o suspeitos.<\/span><\/p>\n<p><b>Leitos\u00a0<\/b><\/p>\n<p><span style=\"font-weight: 400;\">Segundo informa\u00e7\u00f5es da PJF, os leitos de enfermaria est\u00e3o com 63,39% de ocupa\u00e7\u00e3o. J\u00e1 os os leitos de UTI e SUS, est\u00e3o com taxa de 75,97% e 78,57%% respectivamente.<\/span><\/p>\n<p><b>Casos recuperados<\/b><\/p>\n<p><span style=\"font-weight: 400;\">De acordo com a Secretaria de Estado da Sa\u00fade de Minas Gerais (SES-MG), Juiz de Fora registra 4.149 pacientes recuperados da doen\u00e7a.\u00a0<\/span><\/p>\n<p><b>Isolamento social<\/b><\/p>\n<p><span style=\"font-weight: 400;\">Conforme os dados divulgados pela Prefeitura, o munic\u00edpio apresenta taxa de isolamento social em 49,25%, cuja m\u00e9dia \u00e9 dos \u00faltimos sete dias. O valor est\u00e1 um pouco acima da taxa registrada em Minas Gerais, que \u00e9 de 49,03%.<\/span><\/p>\n<p><b>Casos e \u00f3bitos confirmados<\/b><\/p>\n<p><span style=\"font-weight: 400;\">Na compara\u00e7\u00e3o com outras cidades do estado, Juiz de Fora permanece como s\u00e9timo munic\u00edpio com maior n\u00famero de casos confirmados. Segundo dados da SES-MG, na primeira posi\u00e7\u00e3o aparece Belo Horizonte com 33.544, Uberl\u00e2ndia em segundo com 20.009, Ipatinga em terceiro com 7.484, Contagem em quarto com 7.259, Governador Valadares em quinto com 6.112 e Montes Claros em sexto com 5.375. Estes s\u00e3o os munic\u00edpios que apresentam mais casos confirmados em compara\u00e7\u00e3o com Juiz de Fora.<\/span><\/p>\n<p><span style=\"font-weight: 400;\">J\u00e1 na quest\u00e3o das mortes confirmadas, o munic\u00edpio permanece em sexto nesse quesito. Belo Horizonte lidera com 978 \u00f3bitos, Uberl\u00e2ndia \u00e9 o segundo com 389, Contagem em terceiro com 279, Governador Valadares em quarto com 199 e Betim em quinto com 165.<\/span><\/p>\n","protected":false},"excerpt":{"rendered":"<p>O novo boletim epidemiol\u00f3gico divulgado nesta segunda-feira (31) pela Secretaria de Sa\u00fade (SS) da Prefeitura de Juiz de Fora (PJF), confirma que o munic\u00edpio obteve mais duas mortes por Coronav\u00edrus, totalizando 160 \u00f3bitos.As duas v\u00edtimas s\u00e3o idosas e morreram no domingo (30). Uma delas de 62 anos, e como comorbidades, apresentava Hipertens\u00e3o Arterial Sist\u00eamica (HAS) [&hellip;]<\/p>\n","protected":false},"author":96,"featured_media":167944,"comment_status":"closed","ping_status":"closed","sticky":false,"template":"","format":"standard","meta":{"footnotes":""},"categories":[253,436,440,439],"tags":[],"class_list":["post-167943","post","type-post","status-publish","format-standard","has-post-thumbnail","hentry","category-cidade","category-destaque-da-semana","category-destaques-do-dia","category-ultima-hora"],"_links":{"self":[{"href":"https:\/\/diarioregionaldigital.com.br\/index.php?rest_route=\/wp\/v2\/posts\/167943","targetHints":{"allow":["GET"]}}],"collection":[{"href":"https:\/\/diarioregionaldigital.com.br\/index.php?rest_route=\/wp\/v2\/posts"}],"about":[{"href":"https:\/\/diarioregionaldigital.com.br\/index.php?rest_route=\/wp\/v2\/types\/post"}],"author":[{"embeddable":true,"href":"https:\/\/diarioregionaldigital.com.br\/index.php?rest_route=\/wp\/v2\/users\/96"}],"replies":[{"embeddable":true,"href":"https:\/\/diarioregionaldigital.com.br\/index.php?rest_route=%2Fwp%2Fv2%2Fcomments&post=167943"}],"version-history":[{"count":0,"href":"https:\/\/diarioregionaldigital.com.br\/index.php?rest_route=\/wp\/v2\/posts\/167943\/revisions"}],"wp:featuredmedia":[{"embeddable":true,"href":"https:\/\/diarioregionaldigital.com.br\/index.php?rest_route=\/wp\/v2\/media\/167944"}],"wp:attachment":[{"href":"https:\/\/diarioregionaldigital.com.br\/index.php?rest_route=%2Fwp%2Fv2%2Fmedia&parent=167943"}],"wp:term":[{"taxonomy":"category","embeddable":true,"href":"https:\/\/diarioregionaldigital.com.br\/index.php?rest_route=%2Fwp%2Fv2%2Fcategories&post=167943"},{"taxonomy":"post_tag","embeddable":true,"href":"https:\/\/diarioregionaldigital.com.br\/index.php?rest_route=%2Fwp%2Fv2%2Ftags&post=167943"}],"curies":[{"name":"wp","href":"https:\/\/api.w.org\/{rel}","templated":true}]}}