{"id":167928,"date":"2020-08-31T16:34:24","date_gmt":"2020-08-31T19:34:24","guid":{"rendered":"https:\/\/diarioregionaldigital.com.br\/?p=167928"},"modified":"2020-08-31T16:34:24","modified_gmt":"2020-08-31T19:34:24","slug":"saude-reforca-importancia-das-medidas-de-prevencao-a-covid-19","status":"publish","type":"post","link":"https:\/\/diarioregionaldigital.com.br\/?p=167928","title":{"rendered":"Sa\u00fade refor\u00e7a import\u00e2ncia das medidas de preven\u00e7\u00e3o \u00e0 covid-19"},"content":{"rendered":"<p><span style=\"font-weight: 400;\">Em coletiva virtual realizada nesta segunda-feira (31), o chefe de gabinete da Secretaria de Estado de Sa\u00fade de Minas Gerais (SES-MG), Jo\u00e3o Pinho, alertou a popula\u00e7\u00e3o sobre a necessidade de seguir com as medidas b\u00e1sicas de preven\u00e7\u00e3o \u00e0 covid-19.\u00a0<\/span><\/p>\n<p><span style=\"font-weight: 400;\">\u201cA partir do monitoramento deste fim de semana, observou-se que algumas pessoas que circulam pelas ruas n\u00e3o est\u00e3o seguindo as orienta\u00e7\u00f5es sobre o comportamento social. H\u00e1 alguns dias, as academias entraram para a onda amarela e tivemos conhecimento de que nem todos os usu\u00e1rios est\u00e3o seguindo as normas. Tamb\u00e9m tivemos um retorno semelhante do setor de bares e restaurantes\u201d, alertou.\u00a0<\/span><\/p>\n<p><span style=\"font-weight: 400;\">De acordo com Jo\u00e3o Pinho, essas atividades foram liberadas a partir de protocolos criados para a seguran\u00e7a da popula\u00e7\u00e3o. Se a popula\u00e7\u00e3o n\u00e3o respeit\u00e1-los, pode ser preciso voltar atr\u00e1s nas decis\u00f5es de flexibiliza\u00e7\u00e3o. \u201cPor isso, refor\u00e7amos a import\u00e2ncia de que todos sigam as diretrizes, fazendo uso de m\u00e1scara, de \u00e1lcool gel e respeitando o distanciamento, para que n\u00e3o seja preciso rever as regras\u201d, refor\u00e7ou.<\/span><\/p>\n<p><span style=\"font-weight: 400;\">At\u00e9 o momento, Minas Gerais registrou 216.557 casos confirmados e por covid-19 e 5.335 \u00f3bitos. A taxa de ocupa\u00e7\u00e3o geral de leitos de UTI encontra-se em 64,82%, j\u00e1 dos leitos de enfermaria est\u00e1 em em 57,94%.<\/span><\/p>\n<p><b>Minas Consciente<\/b><\/p>\n<p><span style=\"font-weight: 400;\">Durante a coletiva virtual, o chefe de gabinete da SES-MG tamb\u00e9m falou sobre o plano Minas Consciente e os indicadores considerados na avalia\u00e7\u00e3o de cada regi\u00e3o.<\/span><\/p>\n<p><span style=\"font-weight: 400;\">\u201cDentre os indicadores verificados est\u00e3o a taxa de incid\u00eancia, a taxa de ocupa\u00e7\u00e3o de leitos, a positividade dos exames laboratoriais, o percentual de aumento da incid\u00eancia e o percentual de aumento da positividade\u201d, detalhou Jo\u00e3o Pinho. Hoje apenas a regi\u00e3o Nordeste encontra-se na onda vermelha e todas as demais est\u00e3o na amarela. Para chegar \u00e0 onda verde h\u00e1 um intervalo m\u00ednimo de 28 dias.\u00a0<\/span><\/p>\n<p><span style=\"font-weight: 400;\">Quanto \u00e0 possibilidade de retrocesso na classifica\u00e7\u00e3o das regi\u00f5es, Jo\u00e3o Pinho pontuou que ele pode ocorrer de maneira instant\u00e2nea. \u201cMonitoramos todos os dados e, sempre que vemos alguma piora representativa, podemos decidir pelo retorno \u00e0 onda anterior\u201d, afirmou.<\/span><\/p>\n<p><strong>Fonte:<\/strong> Ag\u00eancia Minas<\/p>\n","protected":false},"excerpt":{"rendered":"<p>Em coletiva virtual realizada nesta segunda-feira (31), o chefe de gabinete da Secretaria de Estado de Sa\u00fade de Minas Gerais (SES-MG), Jo\u00e3o Pinho, alertou a popula\u00e7\u00e3o sobre a necessidade de seguir com as medidas b\u00e1sicas de preven\u00e7\u00e3o \u00e0 covid-19.\u00a0 \u201cA partir do monitoramento deste fim de semana, observou-se que algumas pessoas que circulam pelas ruas [&hellip;]<\/p>\n","protected":false},"author":96,"featured_media":167929,"comment_status":"closed","ping_status":"closed","sticky":false,"template":"","format":"standard","meta":{"footnotes":""},"categories":[436,440,254,439],"tags":[],"class_list":["post-167928","post","type-post","status-publish","format-standard","has-post-thumbnail","hentry","category-destaque-da-semana","category-destaques-do-dia","category-politica","category-ultima-hora"],"_links":{"self":[{"href":"https:\/\/diarioregionaldigital.com.br\/index.php?rest_route=\/wp\/v2\/posts\/167928","targetHints":{"allow":["GET"]}}],"collection":[{"href":"https:\/\/diarioregionaldigital.com.br\/index.php?rest_route=\/wp\/v2\/posts"}],"about":[{"href":"https:\/\/diarioregionaldigital.com.br\/index.php?rest_route=\/wp\/v2\/types\/post"}],"author":[{"embeddable":true,"href":"https:\/\/diarioregionaldigital.com.br\/index.php?rest_route=\/wp\/v2\/users\/96"}],"replies":[{"embeddable":true,"href":"https:\/\/diarioregionaldigital.com.br\/index.php?rest_route=%2Fwp%2Fv2%2Fcomments&post=167928"}],"version-history":[{"count":0,"href":"https:\/\/diarioregionaldigital.com.br\/index.php?rest_route=\/wp\/v2\/posts\/167928\/revisions"}],"wp:featuredmedia":[{"embeddable":true,"href":"https:\/\/diarioregionaldigital.com.br\/index.php?rest_route=\/wp\/v2\/media\/167929"}],"wp:attachment":[{"href":"https:\/\/diarioregionaldigital.com.br\/index.php?rest_route=%2Fwp%2Fv2%2Fmedia&parent=167928"}],"wp:term":[{"taxonomy":"category","embeddable":true,"href":"https:\/\/diarioregionaldigital.com.br\/index.php?rest_route=%2Fwp%2Fv2%2Fcategories&post=167928"},{"taxonomy":"post_tag","embeddable":true,"href":"https:\/\/diarioregionaldigital.com.br\/index.php?rest_route=%2Fwp%2Fv2%2Ftags&post=167928"}],"curies":[{"name":"wp","href":"https:\/\/api.w.org\/{rel}","templated":true}]}}