{"id":167925,"date":"2020-08-31T16:29:41","date_gmt":"2020-08-31T19:29:41","guid":{"rendered":"https:\/\/diarioregionaldigital.com.br\/?p=167925"},"modified":"2020-08-31T16:29:41","modified_gmt":"2020-08-31T19:29:41","slug":"judocas-brasileiros-ficarao-mais-um-mes-em-portugal-na-preparacao-para-o-retorno-das-competicoes","status":"publish","type":"post","link":"https:\/\/diarioregionaldigital.com.br\/?p=167925","title":{"rendered":"Judocas brasileiros ficar\u00e3o mais um m\u00eas em Portugal na prepara\u00e7\u00e3o para o retorno das competi\u00e7\u00f5es"},"content":{"rendered":"<p><span style=\"font-weight: 400;\">A Confedera\u00e7\u00e3o Brasileira de Jud\u00f4 (CBJ) recebeu, no final da semana passada, um comunicado da Federa\u00e7\u00e3o Internacional de Jud\u00f4 (FIJ) em rela\u00e7\u00e3o ao calend\u00e1rio de competi\u00e7\u00f5es em 2020. A Federa\u00e7\u00e3o tem a inten\u00e7\u00e3o de retomar o Circuito Mundial IJF em outubro deste ano, com a realiza\u00e7\u00e3o de um Grand Slam em Budapeste, depois com o Grand Slam de T\u00f3quio, em dezembro, e na sequ\u00eancia, com a disputa do World Masters no Catar, em janeiro de 2021. Todos os eventos contar\u00e3o pontos no ranking de classifica\u00e7\u00e3o ol\u00edmpica.<\/span><\/p>\n<p><span style=\"font-weight: 400;\">Se a proposta da FIJ se concretizar, os judocas brasileiros estar\u00e3o preparados para o retorno \u00e0s competi\u00e7\u00f5es em outubro gra\u00e7as aos meses de treinamento em Portugal, na Miss\u00e3o Europa, realizada pelo Comit\u00ea Ol\u00edmpico do Brasil (COB) em parceria com a CBJ.<\/span><\/p>\n<p><span style=\"font-weight: 400;\">Diante de um cen\u00e1rio ainda incerto em rela\u00e7\u00e3o \u00e0s condi\u00e7\u00f5es de treinos de jud\u00f4 no Brasil e com a nova sinaliza\u00e7\u00e3o da FIJ para o retorno das competi\u00e7\u00f5es em outubro, a CBJ decidiu manter os atletas em Coimbra por, pelo menos, mais um m\u00eas. A data de retorno ao Brasil, prevista para 29 de agosto, foi, com isso, adiada para 27 de setembro.<\/span><\/p>\n<p><span style=\"font-weight: 400;\">&#8220;N\u00f3s trabalhamos junto com o COB e antecipamos a jogada. A Miss\u00e3o Europa se tornou o nosso grande trunfo. Conseguimos colocar nosso time em p\u00e9 de igualdade \u00e0s sele\u00e7\u00f5es europeias que j\u00e1 estavam na nossa frente em termos de treinamento e, acredito, que com mais um m\u00eas de trabalho os nossos atletas estar\u00e3o nas condi\u00e7\u00f5es ideais para retornar bem \u00e0 competitividade do Circuito IJF&#8221;, avaliou o gestor de Alto Rendimento da CBJ, Ney Wilson Pereira.<\/span><\/p>\n<p><span style=\"font-weight: 400;\">Depois de ficarem quase quatro meses impossibilitados de treinar em alto rendimento no Brasil, os atletas da sele\u00e7\u00e3o brasileira de jud\u00f4 desembarcaram em Lisboa no dia 17 julho e, desde ent\u00e3o, treinam em condi\u00e7\u00f5es apropriadas em Coimbra, seguindo os protocolos sanit\u00e1rios estabelecidos pelo COB e pelas autoridades locais.<\/span><\/p>\n<p><strong>Fonte:<\/strong> CBJ<\/p>\n","protected":false},"excerpt":{"rendered":"<p>A Confedera\u00e7\u00e3o Brasileira de Jud\u00f4 (CBJ) recebeu, no final da semana passada, um comunicado da Federa\u00e7\u00e3o Internacional de Jud\u00f4 (FIJ) em rela\u00e7\u00e3o ao calend\u00e1rio de competi\u00e7\u00f5es em 2020. A Federa\u00e7\u00e3o tem a inten\u00e7\u00e3o de retomar o Circuito Mundial IJF em outubro deste ano, com a realiza\u00e7\u00e3o de um Grand Slam em Budapeste, depois com o [&hellip;]<\/p>\n","protected":false},"author":96,"featured_media":167926,"comment_status":"closed","ping_status":"closed","sticky":false,"template":"","format":"standard","meta":{"footnotes":""},"categories":[436,257,439],"tags":[],"class_list":["post-167925","post","type-post","status-publish","format-standard","has-post-thumbnail","hentry","category-destaque-da-semana","category-esporte","category-ultima-hora"],"_links":{"self":[{"href":"https:\/\/diarioregionaldigital.com.br\/index.php?rest_route=\/wp\/v2\/posts\/167925","targetHints":{"allow":["GET"]}}],"collection":[{"href":"https:\/\/diarioregionaldigital.com.br\/index.php?rest_route=\/wp\/v2\/posts"}],"about":[{"href":"https:\/\/diarioregionaldigital.com.br\/index.php?rest_route=\/wp\/v2\/types\/post"}],"author":[{"embeddable":true,"href":"https:\/\/diarioregionaldigital.com.br\/index.php?rest_route=\/wp\/v2\/users\/96"}],"replies":[{"embeddable":true,"href":"https:\/\/diarioregionaldigital.com.br\/index.php?rest_route=%2Fwp%2Fv2%2Fcomments&post=167925"}],"version-history":[{"count":0,"href":"https:\/\/diarioregionaldigital.com.br\/index.php?rest_route=\/wp\/v2\/posts\/167925\/revisions"}],"wp:featuredmedia":[{"embeddable":true,"href":"https:\/\/diarioregionaldigital.com.br\/index.php?rest_route=\/wp\/v2\/media\/167926"}],"wp:attachment":[{"href":"https:\/\/diarioregionaldigital.com.br\/index.php?rest_route=%2Fwp%2Fv2%2Fmedia&parent=167925"}],"wp:term":[{"taxonomy":"category","embeddable":true,"href":"https:\/\/diarioregionaldigital.com.br\/index.php?rest_route=%2Fwp%2Fv2%2Fcategories&post=167925"},{"taxonomy":"post_tag","embeddable":true,"href":"https:\/\/diarioregionaldigital.com.br\/index.php?rest_route=%2Fwp%2Fv2%2Ftags&post=167925"}],"curies":[{"name":"wp","href":"https:\/\/api.w.org\/{rel}","templated":true}]}}