{"id":167843,"date":"2020-08-28T20:43:45","date_gmt":"2020-08-28T23:43:45","guid":{"rendered":"https:\/\/diarioregionaldigital.com.br\/?p=167843"},"modified":"2020-08-28T20:43:45","modified_gmt":"2020-08-28T23:43:45","slug":"covid-19-brasil-tem-855-mortes-e-43-412-novos-casos-em-24-horas","status":"publish","type":"post","link":"https:\/\/diarioregionaldigital.com.br\/?p=167843","title":{"rendered":"Covid-19: Brasil tem 855 mortes e 43.412 novos casos em 24 horas"},"content":{"rendered":"<p>A atualiza\u00e7\u00e3o do Minist\u00e9rio da Sa\u00fade divulgada na noite desta\u00a0<span id=\"OBJ_PREFIX_DWT2146_com_zimbra_date\" role=\"link\">sexta<\/span>-feira (28) trouxe 855 mortes registradas nas \u00faltimas 24 horas. Com isso, o total de \u00f3bitos por covid-19 chegou a 119.504.\u00a0<span id=\"OBJ_PREFIX_DWT2143_com_zimbra_date\" role=\"link\"><span id=\"OBJ_PREFIX_DWT2147_com_zimbra_date\" role=\"link\">Ontem<\/span><\/span>, o painel do Minist\u00e9rio da Sa\u00fade\u00a0marcava 118.649 \u00f3bitos. H\u00e1 2.708 falecimentos em investiga\u00e7\u00e3o.<img decoding=\"async\" src=\"https:\/\/agenciabrasil.ebc.com.br\/ebc.png?id=1315158&amp;o=node\" \/><img decoding=\"async\" src=\"https:\/\/agenciabrasil.ebc.com.br\/ebc.gif?id=1315158&amp;o=node\" \/><\/p>\n<p>Pelo balan\u00e7o do minist\u00e9rio, as secretarias estaduais de sa\u00fade acrescentaram \u00e0s estat\u00edsticas 43.412 novos casos de covid-19. Com isso, o total de pessoas infectadas desde o in\u00edcio da pandemia atingiu 3.804.803.\u00a0<span id=\"OBJ_PREFIX_DWT2144_com_zimbra_date\" role=\"link\"><span id=\"OBJ_PREFIX_DWT2148_com_zimbra_date\" role=\"link\">Ontem<\/span><\/span>, o painel trazia 3.761.391 casos acumulados.<\/p>\n<p>Ainda de acordo com a atualiza\u00e7\u00e3o, 708.503 pessoas est\u00e3o em acompanhamento e outras 2.976.796 j\u00e1 se recuperaram.<\/p>\n<p>A taxa de letalidade (n\u00famero de mortes pelo total de casos) ficou em 3,1%. A mortalidade (quantidade de \u00f3bitos por 100 mil habitantes) atingiu 56,9. A incid\u00eancia dos casos de covid-19 por 100 mil habitantes \u00e9 de 1810,5.<\/p>\n<p><strong>Covid-19 nos estados<\/strong><\/p>\n<p>Os estados com mais morte foram\u00a0S\u00e3o Paulo (29.694), Rio<span id=\"OBJ_PREFIX_DWT2145_com_zimbra_date\" role=\"link\">\u00a0de Janeiro<\/span>\u00a0(15.859), Cear\u00e1 (8.376), Pernambuco (7.512) e Par\u00e1 (6.106). As Unidades da Federa\u00e7\u00e3o com menos \u00f3bitos at\u00e9 o momento s\u00e3o Roraima (587), Acre (608), Tocantins (649), Amap\u00e1 (657) e Mato Grosso do Sul (823).<\/p>\n<p><strong>Fonte:\u00a0<\/strong>Ag\u00eancia Brasil<\/p>\n","protected":false},"excerpt":{"rendered":"<p>A atualiza\u00e7\u00e3o do Minist\u00e9rio da Sa\u00fade divulgada na noite desta\u00a0sexta-feira (28) trouxe 855 mortes registradas nas \u00faltimas 24 horas. Com isso, o total de \u00f3bitos por covid-19 chegou a 119.504.\u00a0Ontem, o painel do Minist\u00e9rio da Sa\u00fade\u00a0marcava 118.649 \u00f3bitos. H\u00e1 2.708 falecimentos em investiga\u00e7\u00e3o. Pelo balan\u00e7o do minist\u00e9rio, as secretarias estaduais de sa\u00fade acrescentaram \u00e0s estat\u00edsticas [&hellip;]<\/p>\n","protected":false},"author":96,"featured_media":167844,"comment_status":"closed","ping_status":"closed","sticky":false,"template":"","format":"standard","meta":{"footnotes":""},"categories":[302,436,440,439],"tags":[],"class_list":["post-167843","post","type-post","status-publish","format-standard","has-post-thumbnail","hentry","category-brasil-mundo","category-destaque-da-semana","category-destaques-do-dia","category-ultima-hora"],"_links":{"self":[{"href":"https:\/\/diarioregionaldigital.com.br\/index.php?rest_route=\/wp\/v2\/posts\/167843","targetHints":{"allow":["GET"]}}],"collection":[{"href":"https:\/\/diarioregionaldigital.com.br\/index.php?rest_route=\/wp\/v2\/posts"}],"about":[{"href":"https:\/\/diarioregionaldigital.com.br\/index.php?rest_route=\/wp\/v2\/types\/post"}],"author":[{"embeddable":true,"href":"https:\/\/diarioregionaldigital.com.br\/index.php?rest_route=\/wp\/v2\/users\/96"}],"replies":[{"embeddable":true,"href":"https:\/\/diarioregionaldigital.com.br\/index.php?rest_route=%2Fwp%2Fv2%2Fcomments&post=167843"}],"version-history":[{"count":0,"href":"https:\/\/diarioregionaldigital.com.br\/index.php?rest_route=\/wp\/v2\/posts\/167843\/revisions"}],"wp:featuredmedia":[{"embeddable":true,"href":"https:\/\/diarioregionaldigital.com.br\/index.php?rest_route=\/wp\/v2\/media\/167844"}],"wp:attachment":[{"href":"https:\/\/diarioregionaldigital.com.br\/index.php?rest_route=%2Fwp%2Fv2%2Fmedia&parent=167843"}],"wp:term":[{"taxonomy":"category","embeddable":true,"href":"https:\/\/diarioregionaldigital.com.br\/index.php?rest_route=%2Fwp%2Fv2%2Fcategories&post=167843"},{"taxonomy":"post_tag","embeddable":true,"href":"https:\/\/diarioregionaldigital.com.br\/index.php?rest_route=%2Fwp%2Fv2%2Ftags&post=167843"}],"curies":[{"name":"wp","href":"https:\/\/api.w.org\/{rel}","templated":true}]}}