{"id":167839,"date":"2020-08-28T18:22:14","date_gmt":"2020-08-28T21:22:14","guid":{"rendered":"https:\/\/diarioregionaldigital.com.br\/?p=167839"},"modified":"2020-08-28T18:22:14","modified_gmt":"2020-08-28T21:22:14","slug":"juiz-de-fora-tem-4-738-casos-confirmados-e-158-mortes","status":"publish","type":"post","link":"https:\/\/diarioregionaldigital.com.br\/?p=167839","title":{"rendered":"Juiz de Fora tem 4.738 casos confirmados e 158 mortes"},"content":{"rendered":"<p><span style=\"font-weight: 400;\">O novo boletim epidemiol\u00f3gico divulgado nessa sexta-feira (28) pela Secretaria de Sa\u00fade (SS) da Prefeitura de Juiz de Fora (PJF), confirma mais 46 novos casos por Coronav\u00edrus, totalizando 4.738. Conforme o levantamento, foi registrada mais uma morte, acumulando 158 ao todo. A v\u00edtima \u00e9 um idoso de 82 anos que morreu na \u00faltima quarta-feira (26). Ele tinha Doen\u00e7a Cardiovascular Cr\u00f4nica (DCC).<\/span><\/p>\n<p><span style=\"font-weight: 400;\">Al\u00e9m disso, foram registrados mais 243 novos casos suspeitos, contabilizando 16.981.<\/span><\/p>\n<p><b>Testes entregues pela UFJF<\/b><\/p>\n<p><span style=\"font-weight: 400;\">O Departamento de Vigil\u00e2ncia Epidemiol\u00f3gica e Ambiental (Dvea), recebeu 4.958 testes de Covid-19, feitos no per\u00edodo entre 20 e 27 deste m\u00eas. As amostras foram entregues pelos laborat\u00f3rios do Instituto de Ci\u00eancias Biol\u00f3gicas e da Faculdade de Farm\u00e1cia da Universidade Federal de Juiz de Fora (UFJF). Os resultados apontam que foram detectados mais 98 casos positivos.<\/span><\/p>\n<p><span style=\"font-weight: 400;\">O exame \u00e9 destinado aos profissionais de sa\u00fade, entre o terceiro e o d\u00e9cimo dia de sintomas; a todos os pacientes internados em \u201cleitos covid\u201d, pactuados com o Munic\u00edpio, e aos atendidos na aten\u00e7\u00e3o b\u00e1sica, em situa\u00e7\u00e3o de vulnerabilidade: pessoas acima de 65 anos, cuidadores de idosos, diab\u00e9ticos, hipertensos descompensados e obesos.<\/span><\/p>\n<p><span style=\"font-weight: 400;\">Al\u00e9m disso, \u00e9 feito tamb\u00e9m em servidores sintom\u00e1ticos da seguran\u00e7a p\u00fablica, do Departamento Municipal de Limpeza P\u00fablica (Demlurb), da Companhia de Saneamento Municipal (Cesama), dos centros de Refer\u00eancia de Assist\u00eancia Social (Cras) e Especializado de Assist\u00eancia Social (Creas) e dos demais servi\u00e7os de assist\u00eancia social que prestam atendimento direto \u00e0 popula\u00e7\u00e3o.<\/span><\/p>\n<p><b>Leitos\u00a0<\/b><\/p>\n<p><span style=\"font-weight: 400;\">Segundo informa\u00e7\u00f5es da PJF, os leitos de enfermaria est\u00e3o com 60,27% de ocupa\u00e7\u00e3o. J\u00e1 os os leitos de UTI e SUS, est\u00e3o com taxa de 70,32% e 73,77%% respectivamente.<\/span><\/p>\n<p><b>Casos recuperados<\/b><\/p>\n<p><span style=\"font-weight: 400;\">De acordo com a Secretaria de Estado da Sa\u00fade de Minas Gerais (SES-MG), Juiz de Fora registra 4.254 pacientes recuperados da doen\u00e7a.\u00a0<\/span><\/p>\n<p><b>Isolamento social<\/b><\/p>\n<p><span style=\"font-weight: 400;\">Conforme os dados divulgados pela Prefeitura, o munic\u00edpio apresenta taxa de isolamento social em 49,34%, cuja m\u00e9dia \u00e9 dos \u00faltimos sete dias. O valor est\u00e1 um pouco acima da taxa registrada em Minas Gerais, que \u00e9 de 49,07%.<\/span><\/p>\n<p><b>Casos e \u00f3bitos confirmados<\/b><\/p>\n<p><span style=\"font-weight: 400;\">Na compara\u00e7\u00e3o com outras cidades do estado, Juiz de Fora agora aparece como s\u00e9timo munic\u00edpio com maior n\u00famero de casos confirmados. Segundo dados da SES-MG, na primeira posi\u00e7\u00e3o aparece Belo Horizonte com 32.721, Uberl\u00e2ndia em segundo com 19.112, Ipatinga em terceiro com 7.340, Contagem em quarto com 7.035, Governador Valadares em quinto com 5.945 e Montes Claros em sexto com 5.114, estes s\u00e3o os munic\u00edpios que apresentam mais casos confirmados em compara\u00e7\u00e3o com Juiz de Fora.<\/span><\/p>\n<p><span style=\"font-weight: 400;\">J\u00e1 na quest\u00e3o das mortes confirmadas, o munic\u00edpio permanece em sexto nesse quesito. Belo Horizonte lidera com 944 \u00f3bitos, Uberl\u00e2ndia \u00e9 o segundo com 375, Contagem em terceiro com 275, Governador Valadares em quarto com 193 e Betim em quinto com 162.<\/span><\/p>\n","protected":false},"excerpt":{"rendered":"<p>O novo boletim epidemiol\u00f3gico divulgado nessa sexta-feira (28) pela Secretaria de Sa\u00fade (SS) da Prefeitura de Juiz de Fora (PJF), confirma mais 46 novos casos por Coronav\u00edrus, totalizando 4.738. Conforme o levantamento, foi registrada mais uma morte, acumulando 158 ao todo. A v\u00edtima \u00e9 um idoso de 82 anos que morreu na \u00faltima quarta-feira (26). [&hellip;]<\/p>\n","protected":false},"author":96,"featured_media":167840,"comment_status":"closed","ping_status":"closed","sticky":false,"template":"","format":"standard","meta":{"footnotes":""},"categories":[253,436,440,439],"tags":[],"class_list":["post-167839","post","type-post","status-publish","format-standard","has-post-thumbnail","hentry","category-cidade","category-destaque-da-semana","category-destaques-do-dia","category-ultima-hora"],"_links":{"self":[{"href":"https:\/\/diarioregionaldigital.com.br\/index.php?rest_route=\/wp\/v2\/posts\/167839","targetHints":{"allow":["GET"]}}],"collection":[{"href":"https:\/\/diarioregionaldigital.com.br\/index.php?rest_route=\/wp\/v2\/posts"}],"about":[{"href":"https:\/\/diarioregionaldigital.com.br\/index.php?rest_route=\/wp\/v2\/types\/post"}],"author":[{"embeddable":true,"href":"https:\/\/diarioregionaldigital.com.br\/index.php?rest_route=\/wp\/v2\/users\/96"}],"replies":[{"embeddable":true,"href":"https:\/\/diarioregionaldigital.com.br\/index.php?rest_route=%2Fwp%2Fv2%2Fcomments&post=167839"}],"version-history":[{"count":0,"href":"https:\/\/diarioregionaldigital.com.br\/index.php?rest_route=\/wp\/v2\/posts\/167839\/revisions"}],"wp:featuredmedia":[{"embeddable":true,"href":"https:\/\/diarioregionaldigital.com.br\/index.php?rest_route=\/wp\/v2\/media\/167840"}],"wp:attachment":[{"href":"https:\/\/diarioregionaldigital.com.br\/index.php?rest_route=%2Fwp%2Fv2%2Fmedia&parent=167839"}],"wp:term":[{"taxonomy":"category","embeddable":true,"href":"https:\/\/diarioregionaldigital.com.br\/index.php?rest_route=%2Fwp%2Fv2%2Fcategories&post=167839"},{"taxonomy":"post_tag","embeddable":true,"href":"https:\/\/diarioregionaldigital.com.br\/index.php?rest_route=%2Fwp%2Fv2%2Ftags&post=167839"}],"curies":[{"name":"wp","href":"https:\/\/api.w.org\/{rel}","templated":true}]}}