{"id":167833,"date":"2020-08-28T17:19:08","date_gmt":"2020-08-28T20:19:08","guid":{"rendered":"https:\/\/diarioregionaldigital.com.br\/?p=167833"},"modified":"2020-08-28T17:19:08","modified_gmt":"2020-08-28T20:19:08","slug":"pjf-define-datas-de-pagamento-dos-servidores-referente-a-agosto","status":"publish","type":"post","link":"https:\/\/diarioregionaldigital.com.br\/?p=167833","title":{"rendered":"PJF define datas de pagamento dos servidores referente a agosto"},"content":{"rendered":"<p>A Prefeitura de Juiz de Fora (PJF) confirmou as datas de pagamento dos servidores referente a agosto. A primeira parcela e a integral ser\u00e3o pagas em 3 de setembro, terceiro dia \u00fatil do m\u00eas. J\u00e1 a segunda parcela dos que recebem mais de R$ 2 mil e n\u00e3o est\u00e3o na linha de frente do combate \u00e0 covid-19 ser\u00e1 em 11 de setembro. As datas foram definidas pelo Munic\u00edpio em fun\u00e7\u00e3o do constante monitoramento do fluxo financeiro da PJF, e tem como objetivo evitar aglomera\u00e7\u00f5es de servidores em ag\u00eancias banc\u00e1rias e lot\u00e9ricas no quinto dia \u00fatil, al\u00e9m de minimizar riscos de sobrecarga no sistema nacional da Caixa, que afetem os servidores municipais. Veja os detalhes sobre a forma de pagamento:<\/p>\n<p>&#8211; pagamento integral, no terceiro dia \u00fatil de setembro (3), dos servidores ativos, que est\u00e3o trabalhando diretamente na linha de frente do combate \u00e0 covid-19 (risco direto), que fazem parte das secretarias de Sa\u00fade (SS), Desenvolvimento Social (SDS), Transporte e Tr\u00e2nsito (Settra), Seguran\u00e7a Urbana e Cidadania (Sesuc) e Meio Ambiente e Ordenamento Urbano (Semaur) e dos departamentos Municipal de Limpeza Urbana (Demlurb) e de Ambi\u00eancia Organizacional (Damor);<\/p>\n<p>&#8211; pagamento integral, no terceiro dia \u00fatil de setembro (3), de todos os ativos, aposentados e pensionistas que recebem at\u00e9 R$ 2 mil l\u00edquidos;<\/p>\n<p>&#8211; pagamento escalonado, de ativos, aposentados e pensionistas, que recebem acima de R$ 2 mil l\u00edquidos, sendo 60% do sal\u00e1rio no terceiro dia \u00fatil de setembro (3), e, 40% em 11 de setembro, ap\u00f3s o Munic\u00edpio receber e processar a segunda parcela do recurso emergencial do Governo federal, sendo resguardado que nenhum servidor receba menos de R$ 1.200 l\u00edquidos na primeira parcela.<\/p>\n<p><strong>Fonte:\u00a0<\/strong>Assessoria<\/p>\n","protected":false},"excerpt":{"rendered":"<p>A Prefeitura de Juiz de Fora (PJF) confirmou as datas de pagamento dos servidores referente a agosto. A primeira parcela e a integral ser\u00e3o pagas em 3 de setembro, terceiro dia \u00fatil do m\u00eas. J\u00e1 a segunda parcela dos que recebem mais de R$ 2 mil e n\u00e3o est\u00e3o na linha de frente do combate [&hellip;]<\/p>\n","protected":false},"author":96,"featured_media":167834,"comment_status":"closed","ping_status":"closed","sticky":false,"template":"","format":"standard","meta":{"footnotes":""},"categories":[253,436,439],"tags":[],"class_list":["post-167833","post","type-post","status-publish","format-standard","has-post-thumbnail","hentry","category-cidade","category-destaque-da-semana","category-ultima-hora"],"_links":{"self":[{"href":"https:\/\/diarioregionaldigital.com.br\/index.php?rest_route=\/wp\/v2\/posts\/167833","targetHints":{"allow":["GET"]}}],"collection":[{"href":"https:\/\/diarioregionaldigital.com.br\/index.php?rest_route=\/wp\/v2\/posts"}],"about":[{"href":"https:\/\/diarioregionaldigital.com.br\/index.php?rest_route=\/wp\/v2\/types\/post"}],"author":[{"embeddable":true,"href":"https:\/\/diarioregionaldigital.com.br\/index.php?rest_route=\/wp\/v2\/users\/96"}],"replies":[{"embeddable":true,"href":"https:\/\/diarioregionaldigital.com.br\/index.php?rest_route=%2Fwp%2Fv2%2Fcomments&post=167833"}],"version-history":[{"count":0,"href":"https:\/\/diarioregionaldigital.com.br\/index.php?rest_route=\/wp\/v2\/posts\/167833\/revisions"}],"wp:featuredmedia":[{"embeddable":true,"href":"https:\/\/diarioregionaldigital.com.br\/index.php?rest_route=\/wp\/v2\/media\/167834"}],"wp:attachment":[{"href":"https:\/\/diarioregionaldigital.com.br\/index.php?rest_route=%2Fwp%2Fv2%2Fmedia&parent=167833"}],"wp:term":[{"taxonomy":"category","embeddable":true,"href":"https:\/\/diarioregionaldigital.com.br\/index.php?rest_route=%2Fwp%2Fv2%2Fcategories&post=167833"},{"taxonomy":"post_tag","embeddable":true,"href":"https:\/\/diarioregionaldigital.com.br\/index.php?rest_route=%2Fwp%2Fv2%2Ftags&post=167833"}],"curies":[{"name":"wp","href":"https:\/\/api.w.org\/{rel}","templated":true}]}}