{"id":167830,"date":"2020-08-28T17:11:02","date_gmt":"2020-08-28T20:11:02","guid":{"rendered":"https:\/\/diarioregionaldigital.com.br\/?p=167830"},"modified":"2020-08-28T17:11:02","modified_gmt":"2020-08-28T20:11:02","slug":"pcmg-recupera-materiais-de-construcao-furtados-e-prende-em-flagrante-suspeitos","status":"publish","type":"post","link":"https:\/\/diarioregionaldigital.com.br\/?p=167830","title":{"rendered":"PCMG recupera materiais de constru\u00e7\u00e3o furtados e prende em flagrante suspeitos"},"content":{"rendered":"<p><span style=\"font-weight: 400;\">Nesta sexta feira (28), a Pol\u00edcia Civil de Minas Gerais realizou uma opera\u00e7\u00e3o no munic\u00edpio de Juiz de Fora, no bairro Po\u00e7o Rico, para combater crimes de furto e de roubo na regi\u00e3o. Ap\u00f3s levantamentos da equipe da Delegacia Especializada de Repress\u00e3o a Roubos, tr\u00eas suspeitos, entre 29 e 50 anos, foram presos em flagrante, quando estavam furtando telhas galvanizadas e fios de cobre de um galp\u00e3o de uma empresa.\u00a0<\/span><\/p>\n<p><span style=\"font-weight: 400;\">Durante a a\u00e7\u00e3o, eles tentaram empreender fuga, no entanto, foi poss\u00edvel abordar os investigados e recuperar todo o material furtado.\u00a0 De acordo com o Delegado Carlos Eduardo Santos Rodrigues, a manobra foi realizada, ap\u00f3s levantamentos que apontaram que roubos praticados naquela regi\u00e3o estariam sendo realizados por usu\u00e1rios de drogas em situa\u00e7\u00e3o de rua. \u201cFoi montada uma a\u00e7\u00e3o velada, com o intuito de abordar suspeitos e de identific\u00e1-los para poss\u00edvel reconhecimento\u201d, explicou, complementando que, em meio \u00e0s dilig\u00eancias, as pris\u00f5es foram efetuadas. \u201cA\u00e7\u00f5es, como essa, s\u00e3o importantes para a diminui\u00e7\u00e3o dos \u00edndices de criminalidade\u201d, ressaltou.<\/span><\/p>\n<p><span style=\"font-weight: 400;\">Ainda conforme o Delegado, al\u00e9m dos suspeitos presos, investigados de outros delitos foram identificados, durante a opera\u00e7\u00e3o. Outras dilig\u00eancias ser\u00e3o realizadas nos pr\u00f3ximos dias.<\/span><\/p>\n<p><strong>Fonte:\u00a0<\/strong>Assessoria<\/p>\n","protected":false},"excerpt":{"rendered":"<p>Nesta sexta feira (28), a Pol\u00edcia Civil de Minas Gerais realizou uma opera\u00e7\u00e3o no munic\u00edpio de Juiz de Fora, no bairro Po\u00e7o Rico, para combater crimes de furto e de roubo na regi\u00e3o. Ap\u00f3s levantamentos da equipe da Delegacia Especializada de Repress\u00e3o a Roubos, tr\u00eas suspeitos, entre 29 e 50 anos, foram presos em flagrante, [&hellip;]<\/p>\n","protected":false},"author":96,"featured_media":167831,"comment_status":"closed","ping_status":"closed","sticky":false,"template":"","format":"standard","meta":{"footnotes":""},"categories":[301,436,439],"tags":[],"class_list":["post-167830","post","type-post","status-publish","format-standard","has-post-thumbnail","hentry","category-artigos-policiais","category-destaque-da-semana","category-ultima-hora"],"_links":{"self":[{"href":"https:\/\/diarioregionaldigital.com.br\/index.php?rest_route=\/wp\/v2\/posts\/167830","targetHints":{"allow":["GET"]}}],"collection":[{"href":"https:\/\/diarioregionaldigital.com.br\/index.php?rest_route=\/wp\/v2\/posts"}],"about":[{"href":"https:\/\/diarioregionaldigital.com.br\/index.php?rest_route=\/wp\/v2\/types\/post"}],"author":[{"embeddable":true,"href":"https:\/\/diarioregionaldigital.com.br\/index.php?rest_route=\/wp\/v2\/users\/96"}],"replies":[{"embeddable":true,"href":"https:\/\/diarioregionaldigital.com.br\/index.php?rest_route=%2Fwp%2Fv2%2Fcomments&post=167830"}],"version-history":[{"count":0,"href":"https:\/\/diarioregionaldigital.com.br\/index.php?rest_route=\/wp\/v2\/posts\/167830\/revisions"}],"wp:featuredmedia":[{"embeddable":true,"href":"https:\/\/diarioregionaldigital.com.br\/index.php?rest_route=\/wp\/v2\/media\/167831"}],"wp:attachment":[{"href":"https:\/\/diarioregionaldigital.com.br\/index.php?rest_route=%2Fwp%2Fv2%2Fmedia&parent=167830"}],"wp:term":[{"taxonomy":"category","embeddable":true,"href":"https:\/\/diarioregionaldigital.com.br\/index.php?rest_route=%2Fwp%2Fv2%2Fcategories&post=167830"},{"taxonomy":"post_tag","embeddable":true,"href":"https:\/\/diarioregionaldigital.com.br\/index.php?rest_route=%2Fwp%2Fv2%2Ftags&post=167830"}],"curies":[{"name":"wp","href":"https:\/\/api.w.org\/{rel}","templated":true}]}}