{"id":167727,"date":"2020-08-27T16:03:01","date_gmt":"2020-08-27T19:03:01","guid":{"rendered":"https:\/\/diarioregionaldigital.com.br\/?p=167727"},"modified":"2020-08-27T16:03:01","modified_gmt":"2020-08-27T19:03:01","slug":"juiz-de-fora-tem-mais-mortes-por-covid-19-em-uma-semana-segundo-nota-tecnica-da-ufjf","status":"publish","type":"post","link":"https:\/\/diarioregionaldigital.com.br\/?p=167727","title":{"rendered":"Juiz de Fora tem mais mortes por Covid-19 em uma semana, segundo nota t\u00e9cnica da UFJF"},"content":{"rendered":"<p><span style=\"font-weight: 400;\">A nota t\u00e9cnica divulgada pelo grupo e modelagem epidemiol\u00f3gica da Covid-19, composto por pesquisadores da Universidade Federal de Juiz de Fora (UFJF), informa que Juiz de Fora obteve recorde no n\u00famero de mortes confirmadas, at\u00e9 o dia 22 de agosto.<\/span><\/p>\n<p><span style=\"font-weight: 400;\">Segundo informa\u00e7\u00f5es no estudo, dentro do intervalo de tempo citado anteriormente, o munic\u00edpio teve 4486 casos confirmados e 150 vidas perdidas, representando aumentos de 35,7% e 44,2%, respectivamente. Os dados foram registrados dentro do per\u00edodo de quatro semanas e para uma das pesquisadoras do projeto, Isabel Leite:<\/span><\/p>\n<p><span style=\"font-weight: 400;\">\u201cQuando analisamos as tr\u00eas \u00faltimas semanas aqui em Juiz de Fora, nossa cidade n\u00e3o alcan\u00e7a o que \u00e9 preconizado em termos de n\u00famero de casos e de \u00f3bitos para que se considere a epidemia sob controle\u201d.<\/span><\/p>\n<p><span style=\"font-weight: 400;\">Al\u00e9m disso, foi constatado pelo grupo que a cidade apresentou aumento na taxa de letalidade, no decorrer das quatro semanas analisadas. Conforme a nota t\u00e9cnica, no dia 22, a taxa de letalidade de Covid-19 era de 3,34%, e no dia 25 de julho, era de 3,15%. Segundo Isabel, houve aumento tamb\u00e9m no n\u00famero de interna\u00e7\u00f5es:<\/span><\/p>\n<p><span style=\"font-weight: 400;\">\u201cTivemos um aumento nas interna\u00e7\u00f5es do setor p\u00fablico nas quatro \u00faltimas semanas. Em mais de 90% dos casos, a maioria das interna\u00e7\u00f5es acontece na pr\u00f3pria microrregi\u00e3o onde mora o paciente. As exce\u00e7\u00f5es s\u00e3o as microrregi\u00f5es de Lima Duarte e de S\u00e3o Jo\u00e3o Nepomuceno\/Bicas, cujos pacientes tendem a vir se internar aqui em Juiz de Fora.\u201d<\/span><\/p>\n<p><b>Munic\u00edpio segue abaixo dos crit\u00e9rios da OMS<\/b><\/p>\n<p><span style=\"font-weight: 400;\">O estudo elaborado pelo grupo de pesquisadores indica que por conta dos n\u00fameros de casos e mortes confirmadas pela doen\u00e7a, ao longo das \u00faltimas tr\u00eas semanas epidemiol\u00f3gicas, Juiz de Fora ainda n\u00e3o atende aos crit\u00e9rios estabelecidos pela Organiza\u00e7\u00e3o Mundial da Sa\u00fade (OMS), para que se possa considerar a pandemia sob controle no munic\u00edpio.<\/span><\/p>\n<p><span style=\"font-weight: 400;\">Segundo a entidade, para que a situa\u00e7\u00e3o esteja controlada, \u00e9 necess\u00e1rio que o N\u00famero de Reprodu\u00e7\u00e3o Efetivo (Rt), seja menor do que 1 e dure at\u00e9 no m\u00ednimo duas semanas. Os dados apresentados pelo grupo de pesquisa indicam que o maior espa\u00e7o de tempo, em que Juiz de Fora esteve abaixo do limite citado anteriormente, foi de oito dias.\u00a0<\/span><\/p>\n<p><span style=\"font-weight: 400;\">Em 22 de agosto o n\u00famero era de 1,04. Essa medida indica o n\u00famero de casos secund\u00e1rios produzidos, em m\u00e9dia, por um indiv\u00edduo infectado, ou seja, quantas pessoas uma \u00fanica pessoa contagia.<\/span><\/p>\n<p><b>Regi\u00e3o<\/b><\/p>\n<p><span style=\"font-weight: 400;\">A nota detalha tamb\u00e9m que a macrorregi\u00e3o de sa\u00fade Sudeste, dentro do mesmo per\u00edodo analisado, apresentou taxa de crescimento de casos menor em compara\u00e7\u00e3o ao Brasil e Minas Gerais. Todos os tr\u00eas tiveram uma desacelera\u00e7\u00e3o no crescimento comparado ao m\u00eas passado. Por\u00e9m, Isabel alerta que, apesar da desacelera\u00e7\u00e3o, \u201cainda \u00e9 uma redu\u00e7\u00e3o que acontece em um plat\u00f4 muito elevado.\u201d <\/span><\/p>\n","protected":false},"excerpt":{"rendered":"<p>A nota t\u00e9cnica divulgada pelo grupo e modelagem epidemiol\u00f3gica da Covid-19, composto por pesquisadores da Universidade Federal de Juiz de Fora (UFJF), informa que Juiz de Fora obteve recorde no n\u00famero de mortes confirmadas, at\u00e9 o dia 22 de agosto. Segundo informa\u00e7\u00f5es no estudo, dentro do intervalo de tempo citado anteriormente, o munic\u00edpio teve 4486 [&hellip;]<\/p>\n","protected":false},"author":96,"featured_media":167728,"comment_status":"closed","ping_status":"closed","sticky":false,"template":"","format":"standard","meta":{"footnotes":""},"categories":[253,436,440,439],"tags":[],"class_list":["post-167727","post","type-post","status-publish","format-standard","has-post-thumbnail","hentry","category-cidade","category-destaque-da-semana","category-destaques-do-dia","category-ultima-hora"],"_links":{"self":[{"href":"https:\/\/diarioregionaldigital.com.br\/index.php?rest_route=\/wp\/v2\/posts\/167727","targetHints":{"allow":["GET"]}}],"collection":[{"href":"https:\/\/diarioregionaldigital.com.br\/index.php?rest_route=\/wp\/v2\/posts"}],"about":[{"href":"https:\/\/diarioregionaldigital.com.br\/index.php?rest_route=\/wp\/v2\/types\/post"}],"author":[{"embeddable":true,"href":"https:\/\/diarioregionaldigital.com.br\/index.php?rest_route=\/wp\/v2\/users\/96"}],"replies":[{"embeddable":true,"href":"https:\/\/diarioregionaldigital.com.br\/index.php?rest_route=%2Fwp%2Fv2%2Fcomments&post=167727"}],"version-history":[{"count":0,"href":"https:\/\/diarioregionaldigital.com.br\/index.php?rest_route=\/wp\/v2\/posts\/167727\/revisions"}],"wp:featuredmedia":[{"embeddable":true,"href":"https:\/\/diarioregionaldigital.com.br\/index.php?rest_route=\/wp\/v2\/media\/167728"}],"wp:attachment":[{"href":"https:\/\/diarioregionaldigital.com.br\/index.php?rest_route=%2Fwp%2Fv2%2Fmedia&parent=167727"}],"wp:term":[{"taxonomy":"category","embeddable":true,"href":"https:\/\/diarioregionaldigital.com.br\/index.php?rest_route=%2Fwp%2Fv2%2Fcategories&post=167727"},{"taxonomy":"post_tag","embeddable":true,"href":"https:\/\/diarioregionaldigital.com.br\/index.php?rest_route=%2Fwp%2Fv2%2Ftags&post=167727"}],"curies":[{"name":"wp","href":"https:\/\/api.w.org\/{rel}","templated":true}]}}