{"id":167661,"date":"2020-08-26T20:07:16","date_gmt":"2020-08-26T23:07:16","guid":{"rendered":"https:\/\/diarioregionaldigital.com.br\/?p=167661"},"modified":"2020-08-26T20:07:16","modified_gmt":"2020-08-26T23:07:16","slug":"juiz-de-fora-tem-157-mortes-confirmadas-por-coronavirus","status":"publish","type":"post","link":"https:\/\/diarioregionaldigital.com.br\/?p=167661","title":{"rendered":"Juiz de Fora tem 157 mortes confirmadas por Coronav\u00edrus"},"content":{"rendered":"<p>O novo boletim epidemiol\u00f3gico divulgado nesta quarta-feira (26) pela Secretaria de Sa\u00fade (SS) da Prefeitura de Juiz de Fora (PJF), confirma mais uma morte por Covid-19, acumulando 157 ao todo. A v\u00edtima \u00e9 um idoso de 69 anos, que morreu hoje e era portador de Diabetes Mellitus e Doen\u00e7a Cardiovascular Cr\u00f4nica (DCC). Conforme o levantamento, foram registrados 65 novos casos, totalizando 4.609 e 16.590 s\u00e3o suspeitos.<\/p>\n<p><b>Leitos\u00a0<\/b><\/p>\n<p>Segundo informa\u00e7\u00f5es da PJF, os leitos de enfermaria est\u00e3o com 58,76% de ocupa\u00e7\u00e3o. J\u00e1 os os leitos de UTI e SUS, est\u00e3o com taxa de 69,82% e 74,32% respectivamente.<\/p>\n<p><b>Casos recuperados<\/b><\/p>\n<p>De acordo com a Secretaria de Estado da Sa\u00fade de Minas Gerais (SES-MG), Juiz de Fora registra 4.016 pacientes recuperados da doen\u00e7a.<\/p>\n<p><b>Isolamento social<\/b><\/p>\n<p>Conforme os dados divulgados pela Prefeitura, o munic\u00edpio apresenta taxa de isolamento social em 49,41%, cuja m\u00e9dia \u00e9 dos \u00faltimos sete dias. O valor est\u00e1 um pouco acima da taxa registrada em Minas Gerais, que \u00e9 de 49,24%.<\/p>\n<p>&nbsp;<\/p>\n","protected":false},"excerpt":{"rendered":"<p>O novo boletim epidemiol\u00f3gico divulgado nesta quarta-feira (26) pela Secretaria de Sa\u00fade (SS) da Prefeitura de Juiz de Fora (PJF), confirma mais uma morte por Covid-19, acumulando 157 ao todo. A v\u00edtima \u00e9 um idoso de 69 anos, que morreu hoje e era portador de Diabetes Mellitus e Doen\u00e7a Cardiovascular Cr\u00f4nica (DCC). Conforme o levantamento, [&hellip;]<\/p>\n","protected":false},"author":96,"featured_media":167662,"comment_status":"closed","ping_status":"closed","sticky":false,"template":"","format":"standard","meta":{"footnotes":""},"categories":[253,436,440,439],"tags":[],"class_list":["post-167661","post","type-post","status-publish","format-standard","has-post-thumbnail","hentry","category-cidade","category-destaque-da-semana","category-destaques-do-dia","category-ultima-hora"],"_links":{"self":[{"href":"https:\/\/diarioregionaldigital.com.br\/index.php?rest_route=\/wp\/v2\/posts\/167661","targetHints":{"allow":["GET"]}}],"collection":[{"href":"https:\/\/diarioregionaldigital.com.br\/index.php?rest_route=\/wp\/v2\/posts"}],"about":[{"href":"https:\/\/diarioregionaldigital.com.br\/index.php?rest_route=\/wp\/v2\/types\/post"}],"author":[{"embeddable":true,"href":"https:\/\/diarioregionaldigital.com.br\/index.php?rest_route=\/wp\/v2\/users\/96"}],"replies":[{"embeddable":true,"href":"https:\/\/diarioregionaldigital.com.br\/index.php?rest_route=%2Fwp%2Fv2%2Fcomments&post=167661"}],"version-history":[{"count":0,"href":"https:\/\/diarioregionaldigital.com.br\/index.php?rest_route=\/wp\/v2\/posts\/167661\/revisions"}],"wp:featuredmedia":[{"embeddable":true,"href":"https:\/\/diarioregionaldigital.com.br\/index.php?rest_route=\/wp\/v2\/media\/167662"}],"wp:attachment":[{"href":"https:\/\/diarioregionaldigital.com.br\/index.php?rest_route=%2Fwp%2Fv2%2Fmedia&parent=167661"}],"wp:term":[{"taxonomy":"category","embeddable":true,"href":"https:\/\/diarioregionaldigital.com.br\/index.php?rest_route=%2Fwp%2Fv2%2Fcategories&post=167661"},{"taxonomy":"post_tag","embeddable":true,"href":"https:\/\/diarioregionaldigital.com.br\/index.php?rest_route=%2Fwp%2Fv2%2Ftags&post=167661"}],"curies":[{"name":"wp","href":"https:\/\/api.w.org\/{rel}","templated":true}]}}